{"id":908,"date":"2018-09-06T13:15:13","date_gmt":"2018-09-06T16:15:13","guid":{"rendered":"https:\/\/institutoemignone-bue.infd.edu.ar\/sitio\/?p=908"},"modified":"2018-09-06T13:24:20","modified_gmt":"2018-09-06T16:24:20","slug":"finalizaron-los-concursos-de-ayudantia","status":"publish","type":"post","link":"https:\/\/institutoemignone-bue.infd.edu.ar\/sitio\/finalizaron-los-concursos-de-ayudantia\/","title":{"rendered":"Finalizaron los concursos de ayudant\u00eda"},"content":{"rendered":"<p>Tenemos el agrado de comunicarles que han finalizado los concursos de ayudant\u00eda de c\u00e1tedra estudiantil y egresados correspondiente al ciclo 2018, quedando seleccionados los siguientes aspirantes:<\/p>\n<p><span style=\"color: #003300;\"><strong>Educaci\u00f3n F\u00edsica:<\/strong><\/span><br \/>\n&#8211; Terrizano, Santiago ( Antropolog\u00eda y Sociolog\u00eda del Cuerpo )<br \/>\n&#8211; Polizzi, Cielo ( Did\u00e1cticas de las Pr\u00e1cticas Gimn\u00e1sticas II )<br \/>\n&#8211; Amantini, Mart\u00edn ( Did\u00e1ctica de las pr\u00e1cticas en la vida en la naturaleza II )<\/p>\n<p><span style=\"color: #003300;\"><strong>Bibliotecolog\u00eda:<\/strong><\/span><br \/>\n&#8211; Valarello, Valeria ( Tecnolog\u00eda de la Informaci\u00f3n y Comunicaci\u00f3n II )<br \/>\n&#8211; Maciel, Griselda ( Espacio de la pr\u00e1ctica Instrumental )<\/p>\n<p><span style=\"color: #003300;\"><strong>Gesti\u00f3n Cultural:<\/strong><\/span><br \/>\n&#8211; Demarco, Mar\u00eda Liliana ( Pr\u00e1cticas Professionalizantes III )<\/p>\n<p>Aprovechamos la ocasi\u00f3n para felicitar no s\u00f3lo los nuevos ayudantes, sino tambi\u00e9n a toda la comunidad educativa que particip\u00f3 del proyecto. Esperamos que esta propuesta crezca a\u00f1o a a\u00f1o y contribuya a mejorar las trayectorias educativas de nuestros estudiantes y egresados.<\/p>\n<p>Instituto Municipal Superior de Educaci\u00f3n y Tecnolog\u00eda Dr. \u00abEmilio Ferm\u00edn Mignone\u00bb<br \/>\nCentro de Investigaci\u00f3n, Formaci\u00f3n y Extensi\u00f3n.<\/p>\n","protected":false},"excerpt":{"rendered":"<p>Tenemos el agrado de comunicarles que han finalizado los concursos de ayudant\u00eda de c\u00e1tedra estudiantil y egresados correspondiente al ciclo 2018, quedando seleccionados los siguientes aspirantes: Educaci\u00f3n F\u00edsica: &#8211; Terrizano, Santiago ( Antropolog\u00eda y Sociolog\u00eda del Cuerpo ) &#8211; Polizzi, Cielo ( Did\u00e1cticas de las Pr\u00e1cticas Gimn\u00e1sticas II ) &#8211; Amantini, Mart\u00edn ( Did\u00e1ctica de &#8230; <a title=\"Finalizaron los concursos de ayudant\u00eda\" class=\"read-more\" href=\"https:\/\/institutoemignone-bue.infd.edu.ar\/sitio\/finalizaron-los-concursos-de-ayudantia\/\" aria-label=\"More on Finalizaron los concursos de ayudant\u00eda\">[+]<\/a><\/p>\n","protected":false},"author":1413,"featured_media":0,"comment_status":"open","ping_status":"open","sticky":false,"template":"","format":"standard","meta":[],"categories":[7,6,1],"tags":[],"acf":[],"_links":{"self":[{"href":"https:\/\/institutoemignone-bue.infd.edu.ar\/sitio\/wp-json\/wp\/v2\/posts\/908"}],"collection":[{"href":"https:\/\/institutoemignone-bue.infd.edu.ar\/sitio\/wp-json\/wp\/v2\/posts"}],"about":[{"href":"https:\/\/institutoemignone-bue.infd.edu.ar\/sitio\/wp-json\/wp\/v2\/types\/post"}],"author":[{"embeddable":true,"href":"https:\/\/institutoemignone-bue.infd.edu.ar\/sitio\/wp-json\/wp\/v2\/users\/1413"}],"replies":[{"embeddable":true,"href":"https:\/\/institutoemignone-bue.infd.edu.ar\/sitio\/wp-json\/wp\/v2\/comments?post=908"}],"version-history":[{"count":2,"href":"https:\/\/institutoemignone-bue.infd.edu.ar\/sitio\/wp-json\/wp\/v2\/posts\/908\/revisions"}],"predecessor-version":[{"id":911,"href":"https:\/\/institutoemignone-bue.infd.edu.ar\/sitio\/wp-json\/wp\/v2\/posts\/908\/revisions\/911"}],"wp:attachment":[{"href":"https:\/\/institutoemignone-bue.infd.edu.ar\/sitio\/wp-json\/wp\/v2\/media?parent=908"}],"wp:term":[{"taxonomy":"category","embeddable":true,"href":"https:\/\/institutoemignone-bue.infd.edu.ar\/sitio\/wp-json\/wp\/v2\/categories?post=908"},{"taxonomy":"post_tag","embeddable":true,"href":"https:\/\/institutoemignone-bue.infd.edu.ar\/sitio\/wp-json\/wp\/v2\/tags?post=908"}],"curies":[{"name":"wp","href":"https:\/\/api.w.org\/{rel}","templated":true}]}}