{"id":2373,"date":"2026-02-12T17:42:11","date_gmt":"2026-02-12T20:42:11","guid":{"rendered":"https:\/\/institutoemignone-bue.infd.edu.ar\/sitio\/?p=2373"},"modified":"2026-02-13T11:58:00","modified_gmt":"2026-02-13T14:58:00","slug":"inscripcion-a-mesas-de-examenes-febrero-marzo-2026-y-cronograma-de-horarios","status":"publish","type":"post","link":"https:\/\/institutoemignone-bue.infd.edu.ar\/sitio\/inscripcion-a-mesas-de-examenes-febrero-marzo-2026-y-cronograma-de-horarios\/","title":{"rendered":"Inscripci\u00f3n a mesas de ex\u00e1menes febrero &#8211; marzo 2026 y cronograma de horarios"},"content":{"rendered":"\n<p>A partir del<strong> d\u00eda 13&nbsp; y hasta&nbsp; el 17 de febrero <\/strong>podr\u00e1n realizar la<strong> inscripci\u00f3n a las mesas de ex\u00e1menes regulares y libres<\/strong> correspondientes al llamado de <strong>Febrero &#8211; Marzo 2026 <\/strong>para las asignaturas de las carreras del Profesorado de Educaci\u00f3n F\u00edsica, Tecnicaturas Superiores de Bibliotecolog\u00eda, Gesti\u00f3n Cultural, Dise\u00f1o y Producci\u00f3n de Indumentaria, Relaciones P\u00fablicas y Ceremonial y Servicios Gastron\u00f3micos.&nbsp;<\/p>\n\n\n\n<ul>\n<li><strong>El desarrollo de las mesas ser\u00e1 del 23\/2 al 13\/3&nbsp;<\/strong><\/li>\n\n\n\n<li><strong>ENLACES A LAS FECHAS Y HORARIOS DE MESAS DE EXAMEN POR CARRERA<\/strong><\/li>\n\n\n\n<li>\u2013&gt; <a href=\"https:\/\/drive.google.com\/drive\/folders\/1yEW1TvXuPXsa18Zg4Q-vWqcE2e-40kuG?usp=sharing\">ENLACE<\/a> <a href=\"https:\/\/drive.google.com\/drive\/folders\/15yHcA6rD7GBIkkgTaT5O45QmQDF5kzRj?usp=sharing\">&nbsp;<\/a>&nbsp;&nbsp;<\/li>\n<\/ul>\n\n\n\n<p><strong>ENLACES A LAS PLANILLAS DE INSCRIPCI\u00d3N (el enlace se activar\u00e1 a partir del 13\/2\/2026)<\/strong><\/p>\n\n\n\n<ul>\n<li><a rel=\"noreferrer noopener\" href=\"https:\/\/docs.google.com\/forms\/d\/e\/1FAIpQLSecrep5C2hcsbu8sD8_ZDPk8oqKVN56PT3QGSNvvn_ELgYR6A\/viewform\" target=\"_blank\">Profesorado de Educaci\u00f3n F\u00edsica.<\/a><\/li>\n\n\n\n<li><a rel=\"noreferrer noopener\" href=\"https:\/\/docs.google.com\/forms\/d\/e\/1FAIpQLSfMiJMPHENVbdrSR2AZHb576mxRI_f1dl1I3t4H1LlqxpKKRw\/viewform\" target=\"_blank\">Tecnicatura Superior en Relaciones P\u00fablicas<\/a><\/li>\n\n\n\n<li><a rel=\"noreferrer noopener\" href=\"https:\/\/docs.google.com\/forms\/d\/e\/1FAIpQLScsmQRFY190Hlancf-0YOjn8t1RYkMNEqgCUmCbFHPKkd_I_w\/viewform\" target=\"_blank\">Tecnicatura Superior en Gesti\u00f3n Cultural.<\/a><\/li>\n\n\n\n<li><a rel=\"noreferrer noopener\" href=\"https:\/\/docs.google.com\/forms\/d\/1SQcg0fCE3p_Tv--88Iy0PH_yqeizxSCkriKcGmgK3ZA\/edit\" target=\"_blank\">Tecnicatura Superior en Dise\u00f1o\u00a0<\/a><\/li>\n\n\n\n<li><a rel=\"noreferrer noopener\" href=\"https:\/\/docs.google.com\/forms\/d\/e\/1FAIpQLSf5NyNZ4n-CxKOrEDkJAp54kVDuEnIb0V5sAT8LJZY_MvpdEw\/viewform\" target=\"_blank\">T\u00e9cnico\u00a0Superior en\u00a0Bibliotecolog\u00eda.<\/a><\/li>\n\n\n\n<li><a rel=\"noreferrer noopener\" href=\"https:\/\/docs.google.com\/forms\/d\/e\/1FAIpQLSfWxO06kWq_9s8B9wvPxYu8Ol74r7u068Mu5Ys9S6-ZjjeYGw\/viewform\" target=\"_blank\">T\u00e9cnico\u00a0Superior en\u00a0Bibliotecolog\u00eda (Plan 5497).<\/a><\/li>\n\n\n\n<li><a rel=\"noreferrer noopener\" href=\"https:\/\/docs.google.com\/forms\/d\/e\/1FAIpQLSf0l4sC1UeyDvmr6Qd_5L0jQp4PpJWl3aPEdDvshfuvW8liag\/viewform\" target=\"_blank\">Tecnicatura Superior\u00a0en Servicios Gastron\u00f3micos.<\/a><\/li>\n\n\n\n<li>Tecnicatura Superior\u00a0en Servicios Gastron\u00f3micos.<\/li>\n<\/ul>\n\n\n\n<p><strong>IMPORTANTE<\/strong>:<\/p>\n\n\n\n<ul>\n<li><strong>Cada estudiante ser\u00e1 responsable <\/strong>de inscribirse de acuerdo al <strong>r\u00e9gimen de correlatividades<\/strong> de su <strong>plan de estudios<\/strong> y al <a href=\"https:\/\/abc.gob.ar\/secretarias\/sites\/default\/files\/2025-04\/RAM%20Superior%204196-24%20y%20anexos.pdf\"><strong>R\u00e9gimen Acad\u00e9mico vigente<\/strong><\/a><strong> <\/strong>(Resol. 4196\/24).&nbsp;<\/li>\n\n\n\n<li>Deber\u00e1n anotarse en<strong> todas <\/strong>las asignaturas que deseen rendir (exceptuando aquellas en las que adeude su correlativa).<\/li>\n<\/ul>\n\n\n\n<p><strong>Ex\u00e1menes Libres. <\/strong>Se aceptan siempre que se respete la correlatividades con respecto al Dise\u00f1o Curricular de la carrera correspondiente y en el marco del R\u00e9gimen Acad\u00e9mico vigente.&nbsp;&nbsp;<\/p>\n\n\n\n<p><strong>No se aceptar\u00e1n inscripciones fuera de fecha.<\/strong><\/p>\n","protected":false},"excerpt":{"rendered":"<p>A partir del d\u00eda 13&nbsp; y hasta&nbsp; el 17 de febrero podr\u00e1n realizar la inscripci\u00f3n a las mesas de ex\u00e1menes regulares y libres correspondientes al llamado de Febrero &#8211; Marzo 2026 para las asignaturas de las carreras del Profesorado de Educaci\u00f3n F\u00edsica, Tecnicaturas Superiores de Bibliotecolog\u00eda, Gesti\u00f3n Cultural, Dise\u00f1o y Producci\u00f3n de Indumentaria, Relaciones P\u00fablicas &#8230; <a title=\"Inscripci\u00f3n a mesas de ex\u00e1menes febrero &#8211; marzo 2026 y cronograma de horarios\" class=\"read-more\" href=\"https:\/\/institutoemignone-bue.infd.edu.ar\/sitio\/inscripcion-a-mesas-de-examenes-febrero-marzo-2026-y-cronograma-de-horarios\/\" aria-label=\"More on Inscripci\u00f3n a mesas de ex\u00e1menes febrero &#8211; marzo 2026 y cronograma de horarios\">[+]<\/a><\/p>\n","protected":false},"author":1415,"featured_media":0,"comment_status":"open","ping_status":"open","sticky":false,"template":"","format":"standard","meta":[],"categories":[7,6],"tags":[],"acf":[],"_links":{"self":[{"href":"https:\/\/institutoemignone-bue.infd.edu.ar\/sitio\/wp-json\/wp\/v2\/posts\/2373"}],"collection":[{"href":"https:\/\/institutoemignone-bue.infd.edu.ar\/sitio\/wp-json\/wp\/v2\/posts"}],"about":[{"href":"https:\/\/institutoemignone-bue.infd.edu.ar\/sitio\/wp-json\/wp\/v2\/types\/post"}],"author":[{"embeddable":true,"href":"https:\/\/institutoemignone-bue.infd.edu.ar\/sitio\/wp-json\/wp\/v2\/users\/1415"}],"replies":[{"embeddable":true,"href":"https:\/\/institutoemignone-bue.infd.edu.ar\/sitio\/wp-json\/wp\/v2\/comments?post=2373"}],"version-history":[{"count":5,"href":"https:\/\/institutoemignone-bue.infd.edu.ar\/sitio\/wp-json\/wp\/v2\/posts\/2373\/revisions"}],"predecessor-version":[{"id":2379,"href":"https:\/\/institutoemignone-bue.infd.edu.ar\/sitio\/wp-json\/wp\/v2\/posts\/2373\/revisions\/2379"}],"wp:attachment":[{"href":"https:\/\/institutoemignone-bue.infd.edu.ar\/sitio\/wp-json\/wp\/v2\/media?parent=2373"}],"wp:term":[{"taxonomy":"category","embeddable":true,"href":"https:\/\/institutoemignone-bue.infd.edu.ar\/sitio\/wp-json\/wp\/v2\/categories?post=2373"},{"taxonomy":"post_tag","embeddable":true,"href":"https:\/\/institutoemignone-bue.infd.edu.ar\/sitio\/wp-json\/wp\/v2\/tags?post=2373"}],"curies":[{"name":"wp","href":"https:\/\/api.w.org\/{rel}","templated":true}]}}