{"id":2333,"date":"2025-11-17T20:08:02","date_gmt":"2025-11-17T23:08:02","guid":{"rendered":"https:\/\/institutoemignone-bue.infd.edu.ar\/sitio\/?p=2333"},"modified":"2026-02-12T17:35:19","modified_gmt":"2026-02-12T20:35:19","slug":"inscripcion-a-mesas-de-examenes-diciembre-2025-y-cronograma-de-horarios","status":"publish","type":"post","link":"https:\/\/institutoemignone-bue.infd.edu.ar\/sitio\/inscripcion-a-mesas-de-examenes-diciembre-2025-y-cronograma-de-horarios\/","title":{"rendered":"Inscripci\u00f3n a mesas de ex\u00e1menes diciembre 2025 y cronograma de horarios"},"content":{"rendered":"\n<p>A partir del<strong> d\u00eda 22 y hasta 27 de noviembre <\/strong>podr\u00e1n realizar la<strong> inscripci\u00f3n a las mesas de ex\u00e1menes regulares y libres<\/strong> correspondientes al llamado de <strong>Diciembre 2025 <\/strong>para las asignaturas de las carreras del Profesorado de Educaci\u00f3n F\u00edsica, Tecnicaturas Superiores de Bibliotecolog\u00eda, Gesti\u00f3n Cultural, Dise\u00f1o y Producci\u00f3n de Indumentaria, Relaciones P\u00fablicas y Ceremonial y Servicios Gastron\u00f3micos.&nbsp;<\/p>\n\n\n\n<ul>\n<li><strong>El desarrollo de las mesas ser\u00e1 del lunes 1 al jueves 23 de diciembre de 2025.<\/strong><\/li>\n<\/ul>\n\n\n\n<p><strong>ENLACES A LAS FECHAS Y HORARIOS DE MESAS DE EXAMEN POR CARRERA<\/strong><\/p>\n\n\n\n<ul>\n<li>\u2013&gt; <a href=\"https:\/\/drive.google.com\/drive\/folders\/1s4YzamAOzXrJ8TWtaamAfr81nTAeIdzs?usp=sharing\">ENLACE<\/a> <a href=\"https:\/\/drive.google.com\/drive\/folders\/15yHcA6rD7GBIkkgTaT5O45QmQDF5kzRj?usp=sharing\">&nbsp;<\/a>&nbsp;&nbsp;<\/li>\n<\/ul>\n\n\n\n<p><strong>ENLACES A LAS PLANILLAS DE INSCRIPCI\u00d3N (el enlace se activar\u00e1 a partir del 22\/11\/2025)<\/strong><\/p>\n\n\n\n<ul>\n<li>Profesorado de Educaci\u00f3n F\u00edsica\u00a0<\/li>\n\n\n\n<li>Tecnicatura Superior en Relaciones P\u00fablicas:\u00a0<\/li>\n\n\n\n<li>Tecnicatura Superior en Gesti\u00f3n Cultural:\u00a0<\/li>\n\n\n\n<li>Tecnicatura Superior en Dise\u00f1o:\u00a0<\/li>\n\n\n\n<li>T\u00e9cnico Superior en Bibliotecolog\u00eda (Plan Resol. 6161\/03)<\/li>\n\n\n\n<li>T\u00e9cnico Superior en Bibliotecolog\u00eda (Plan Resol. 5497\/24)\u00a0<\/li>\n\n\n\n<li>Tecnicatura Superior en Servicios Gastron\u00f3micos<\/li>\n<\/ul>\n\n\n\n<p><strong>IMPORTANTE<\/strong>:<\/p>\n\n\n\n<ul>\n<li><strong>Cada estudiante ser\u00e1 responsable <\/strong>de inscribirse de acuerdo al <strong>r\u00e9gimen de correlatividades<\/strong> de su <strong>plan de estudios<\/strong> y al <a href=\"https:\/\/abc.gob.ar\/secretarias\/sites\/default\/files\/2025-04\/RAM%20Superior%204196-24%20y%20anexos.pdf\"><strong>R\u00e9gimen Acad\u00e9mico vigente<\/strong><\/a><strong> <\/strong>(Resol. 4196\/24).&nbsp;<\/li>\n\n\n\n<li>Deber\u00e1n anotarse en<strong> todas <\/strong>las asignaturas que deseen rendir (exceptuando aquellas en las que adeude su correlativa).<\/li>\n<\/ul>\n\n\n\n<p><strong>Ex\u00e1menes Libres. <\/strong>Se aceptan siempre que se respete la correlatividades con respecto al Dise\u00f1o Curricular de la carrera correspondiente y en el marco del R\u00e9gimen Acad\u00e9mico vigente.&nbsp;&nbsp;<\/p>\n\n\n\n<p><strong>No se aceptar\u00e1n inscripciones fuera de fecha.<\/strong><\/p>\n","protected":false},"excerpt":{"rendered":"<p>A partir del d\u00eda 22 y hasta 27 de noviembre podr\u00e1n realizar la inscripci\u00f3n a las mesas de ex\u00e1menes regulares y libres correspondientes al llamado de Diciembre 2025 para las asignaturas de las carreras del Profesorado de Educaci\u00f3n F\u00edsica, Tecnicaturas Superiores de Bibliotecolog\u00eda, Gesti\u00f3n Cultural, Dise\u00f1o y Producci\u00f3n de Indumentaria, Relaciones P\u00fablicas y Ceremonial y &#8230; <a title=\"Inscripci\u00f3n a mesas de ex\u00e1menes diciembre 2025 y cronograma de horarios\" class=\"read-more\" href=\"https:\/\/institutoemignone-bue.infd.edu.ar\/sitio\/inscripcion-a-mesas-de-examenes-diciembre-2025-y-cronograma-de-horarios\/\" aria-label=\"More on Inscripci\u00f3n a mesas de ex\u00e1menes diciembre 2025 y cronograma de horarios\">[+]<\/a><\/p>\n","protected":false},"author":1415,"featured_media":0,"comment_status":"closed","ping_status":"closed","sticky":false,"template":"","format":"standard","meta":[],"categories":[7,6],"tags":[],"acf":[],"_links":{"self":[{"href":"https:\/\/institutoemignone-bue.infd.edu.ar\/sitio\/wp-json\/wp\/v2\/posts\/2333"}],"collection":[{"href":"https:\/\/institutoemignone-bue.infd.edu.ar\/sitio\/wp-json\/wp\/v2\/posts"}],"about":[{"href":"https:\/\/institutoemignone-bue.infd.edu.ar\/sitio\/wp-json\/wp\/v2\/types\/post"}],"author":[{"embeddable":true,"href":"https:\/\/institutoemignone-bue.infd.edu.ar\/sitio\/wp-json\/wp\/v2\/users\/1415"}],"replies":[{"embeddable":true,"href":"https:\/\/institutoemignone-bue.infd.edu.ar\/sitio\/wp-json\/wp\/v2\/comments?post=2333"}],"version-history":[{"count":10,"href":"https:\/\/institutoemignone-bue.infd.edu.ar\/sitio\/wp-json\/wp\/v2\/posts\/2333\/revisions"}],"predecessor-version":[{"id":2371,"href":"https:\/\/institutoemignone-bue.infd.edu.ar\/sitio\/wp-json\/wp\/v2\/posts\/2333\/revisions\/2371"}],"wp:attachment":[{"href":"https:\/\/institutoemignone-bue.infd.edu.ar\/sitio\/wp-json\/wp\/v2\/media?parent=2333"}],"wp:term":[{"taxonomy":"category","embeddable":true,"href":"https:\/\/institutoemignone-bue.infd.edu.ar\/sitio\/wp-json\/wp\/v2\/categories?post=2333"},{"taxonomy":"post_tag","embeddable":true,"href":"https:\/\/institutoemignone-bue.infd.edu.ar\/sitio\/wp-json\/wp\/v2\/tags?post=2333"}],"curies":[{"name":"wp","href":"https:\/\/api.w.org\/{rel}","templated":true}]}}