{"id":2297,"date":"2025-09-03T17:29:41","date_gmt":"2025-09-03T20:29:41","guid":{"rendered":"https:\/\/institutoemignone-bue.infd.edu.ar\/sitio\/?p=2297"},"modified":"2025-09-03T17:29:42","modified_gmt":"2025-09-03T20:29:42","slug":"llamado-a-cobertura-de-horas-en-las-carreras-de-gestion-cultural-y-bibliotecologia","status":"publish","type":"post","link":"https:\/\/institutoemignone-bue.infd.edu.ar\/sitio\/llamado-a-cobertura-de-horas-en-las-carreras-de-gestion-cultural-y-bibliotecologia\/","title":{"rendered":"Llamado a cobertura de horas en las carreras de Gesti\u00f3n Cultural y Bibliotecolog\u00eda"},"content":{"rendered":"\n<p>BASES DEL CONCURSO DE ANTECEDENTES, PRESENTACI\u00d3N DE PROYECTOS Y OPOSICI\u00d3N &#8211;<\/p>\n\n\n\n<p>Expediente N\u00b0 EX-2025-000113530-MUNILUJAN-SJG&nbsp;<\/p>\n\n\n\n<p>I. CARGO VACANTE&nbsp;<\/p>\n\n\n\n<p>\u2022 Carrera: \u201cTecnicatura Superior en Bibliotecolog\u00eda \u2013 Resoluci\u00f3n 5497\/23&nbsp;<\/p>\n\n\n\n<p>Asignatura: Literatura Universal 1er A\u00f1o Tres (3) horas c\u00e1tedra nivel terciario&nbsp;<\/p>\n\n\n\n<p>D\u00eda y horario: mi\u00e9rcoles 19:30 a 21:30 horas&nbsp;<\/p>\n\n\n\n<p>II. CARGO VACANTE&nbsp;<\/p>\n\n\n\n<p>\u2022 Carrera: \u201cTecnicatura Superior en Gesti\u00f3n Culturas \u2013 Resoluci\u00f3n 686\/07&nbsp;<\/p>\n\n\n\n<p>Asignatura: Producci\u00f3n y lectura de textos 2\u00b0 A\u00f1o Dos (2) horas c\u00e1tedra nivel terciario&nbsp;<\/p>\n\n\n\n<p>D\u00eda y horario: lunes 20:30 a 21:10 horas&nbsp;<\/p>\n\n\n\n<p>III. PERFIL DE LOS POSTULANTES&nbsp;<\/p>\n\n\n\n<p>Profesor\/a en Lengua y Literatura, Letras, Licenciado\/a en Letras u otro, graduado de nivel superior que posea formaci\u00f3n espec\u00edfica en los contenidos enunciados en este espacio curricular con trayectoria en el campo de conocimiento y formaci\u00f3n pedag\u00f3gica que califiquen su ingreso y promoci\u00f3n en la carrera docente. Para la evaluaci\u00f3n de t\u00edtulos se tendr\u00e1 en cuenta la correspondencia a los t\u00edtulos solicitados al perfil.&nbsp;<\/p>\n\n\n\n<p>Requisitos generales de los aspirantes:&nbsp;<\/p>\n\n\n\n<p>\u2022 El o la aspirante al cargo que se concursa, debe acreditar la idoneidad para el cargo a cubrir (titulaci\u00f3n vinculada a la literatura o afines).&nbsp;<\/p>\n\n\n\n<p>\u2022 No poseer antecedentes penales.&nbsp;<\/p>\n\n\n\n<p>\u2022 Ser ciudadano\/a argentino\/a o naturalizado\/a.<\/p>\n\n\n\n<p>\u2022 No poseer incompatibilidad horaria para ocupar el cargo.&nbsp;<\/p>\n\n\n\n<p>IV. DOCUMENTACION REQUERIDA1&nbsp;<\/p>\n\n\n\n<ul>\n<li>Copia legible de DNI (frente y dorso).&nbsp;<\/li>\n\n\n\n<li>T\u00edtulo habilitante. 1 Remitir al correo: concursosimset@lujan.gob.ar&nbsp;<\/li>\n\n\n\n<li>Presentaci\u00f3n de t\u00edtulos y\/o certificaciones que acrediten idoneidad en la materia.&nbsp;<\/li>\n\n\n\n<li>Certificaci\u00f3n o inscripci\u00f3n al tramo de formaci\u00f3n docente.&nbsp;<\/li>\n\n\n\n<li>Curr\u00edculo vitae.&nbsp;<\/li>\n\n\n\n<li>Certificaci\u00f3n negativa de ANSeS&nbsp;<\/li>\n\n\n\n<li>Constancia de CUIL&nbsp;<\/li>\n\n\n\n<li>Certificaci\u00f3n de antecedentes penales.&nbsp;<\/li>\n\n\n\n<li>Declaraci\u00f3n jurada de incompatibilidad horaria.&nbsp;<\/li>\n<\/ul>\n\n\n\n<p><strong>V. TEMARIO Y BIBLIOGRAF\u00cdA PARA LA ELABORACI\u00d3N DEL PROYECTO:&nbsp;<\/strong><\/p>\n\n\n\n<p>Ver Anexo<strong> <\/strong><a href=\"https:\/\/drive.google.com\/file\/d\/1oYUWdItMNCiZdezZJ0y4BhGrRiBSWEXn\/view?usp=sharing\"><strong>IF-2025-00116644-MUNILUJAN-IM<\/strong><\/a><strong>.&nbsp;<\/strong><\/p>\n\n\n\n<p><strong>VI. FECHAS Y PLAZOS DE INSCRIPCION:&nbsp;<\/strong><\/p>\n\n\n\n<p>\u2022 Publicaci\u00f3n y difusi\u00f3n del Decreto de Convocatoria a Concurso P\u00fablico y Abierto de presentaci\u00f3n de Proyectos: p\u00e1gina web del Municipio2 y cartelera del IMSET: dentro de los 3 (tres) d\u00edas posteriores al dictado del Decreto. Hasta el 5\/9\/2025.<\/p>\n\n\n\n<p>\u2022 Fecha de inscripci\u00f3n: una vez publicada la vacante, en la plataforma web: <strong>www.empleo.lujan.gob.ar<\/strong>, de manera paralela se debe remitir a la direcci\u00f3n de correo electr\u00f3nico: concursosimset@lujan.gob.ar, la documentaci\u00f3n respaldatoria solicitada como \u201cDocumentaci\u00f3n requerida\u201d (ver ac\u00e1pite IV).&nbsp;<\/p>\n\n\n\n<p>\u2022 Verificaci\u00f3n de documentaci\u00f3n de n\u00f3mina de inscriptos: se realizar\u00e1 en la semana posterior a la etapa de inscripci\u00f3n y se notificar\u00e1 mediante la direcci\u00f3n de correo electr\u00f3nico concursosimset@lujan.gob.ar a quienes est\u00e9n en condiciones de enviar el proyecto correspondiente.&nbsp;<\/p>\n\n\n\n<p>\u2022 Entrevistas: se realizar\u00e1n luego de la revisi\u00f3n de los proyectos y antecedentes acad\u00e9micos, a quienes superen ambas instancias, y se los convocar\u00e1 mediante la direcci\u00f3n de correo electr\u00f3nico concursosimset@lujan.gob.ar.&nbsp;<\/p>\n\n\n\n<p>\u2022 Publicaci\u00f3n de listado definitivo de acreedores de los cargos, posterior a la evaluaci\u00f3n y puntuaci\u00f3n de las 3 etapas concursales (inscripci\u00f3n y entrega de documentaci\u00f3n, proyecto, y entrevista personal), a quienes resulten 1\u00b0 en el orden de m\u00e9rito que se confeccione.&nbsp;<\/p>\n\n\n\n<p>\u2022 Es menester que los aspirantes obtengan en cada etapa, una nota igual o superior a siete (7). Caso contrario, quedar\u00e1n excluidos del Concurso.<\/p>\n","protected":false},"excerpt":{"rendered":"<p>BASES DEL CONCURSO DE ANTECEDENTES, PRESENTACI\u00d3N DE PROYECTOS Y OPOSICI\u00d3N &#8211; Expediente N\u00b0 EX-2025-000113530-MUNILUJAN-SJG&nbsp; I. CARGO VACANTE&nbsp; \u2022 Carrera: \u201cTecnicatura Superior en Bibliotecolog\u00eda \u2013 Resoluci\u00f3n 5497\/23&nbsp; Asignatura: Literatura Universal 1er A\u00f1o Tres (3) horas c\u00e1tedra nivel terciario&nbsp; D\u00eda y horario: mi\u00e9rcoles 19:30 a 21:30 horas&nbsp; II. CARGO VACANTE&nbsp; \u2022 Carrera: \u201cTecnicatura Superior en Gesti\u00f3n Culturas &#8230; <a title=\"Llamado a cobertura de horas en las carreras de Gesti\u00f3n Cultural y Bibliotecolog\u00eda\" class=\"read-more\" href=\"https:\/\/institutoemignone-bue.infd.edu.ar\/sitio\/llamado-a-cobertura-de-horas-en-las-carreras-de-gestion-cultural-y-bibliotecologia\/\" aria-label=\"More on Llamado a cobertura de horas en las carreras de Gesti\u00f3n Cultural y Bibliotecolog\u00eda\">[+]<\/a><\/p>\n","protected":false},"author":1415,"featured_media":0,"comment_status":"closed","ping_status":"open","sticky":false,"template":"","format":"standard","meta":[],"categories":[50,7,6],"tags":[43,33,16,40],"acf":[],"_links":{"self":[{"href":"https:\/\/institutoemignone-bue.infd.edu.ar\/sitio\/wp-json\/wp\/v2\/posts\/2297"}],"collection":[{"href":"https:\/\/institutoemignone-bue.infd.edu.ar\/sitio\/wp-json\/wp\/v2\/posts"}],"about":[{"href":"https:\/\/institutoemignone-bue.infd.edu.ar\/sitio\/wp-json\/wp\/v2\/types\/post"}],"author":[{"embeddable":true,"href":"https:\/\/institutoemignone-bue.infd.edu.ar\/sitio\/wp-json\/wp\/v2\/users\/1415"}],"replies":[{"embeddable":true,"href":"https:\/\/institutoemignone-bue.infd.edu.ar\/sitio\/wp-json\/wp\/v2\/comments?post=2297"}],"version-history":[{"count":2,"href":"https:\/\/institutoemignone-bue.infd.edu.ar\/sitio\/wp-json\/wp\/v2\/posts\/2297\/revisions"}],"predecessor-version":[{"id":2299,"href":"https:\/\/institutoemignone-bue.infd.edu.ar\/sitio\/wp-json\/wp\/v2\/posts\/2297\/revisions\/2299"}],"wp:attachment":[{"href":"https:\/\/institutoemignone-bue.infd.edu.ar\/sitio\/wp-json\/wp\/v2\/media?parent=2297"}],"wp:term":[{"taxonomy":"category","embeddable":true,"href":"https:\/\/institutoemignone-bue.infd.edu.ar\/sitio\/wp-json\/wp\/v2\/categories?post=2297"},{"taxonomy":"post_tag","embeddable":true,"href":"https:\/\/institutoemignone-bue.infd.edu.ar\/sitio\/wp-json\/wp\/v2\/tags?post=2297"}],"curies":[{"name":"wp","href":"https:\/\/api.w.org\/{rel}","templated":true}]}}