{"id":2288,"date":"2025-07-04T16:46:43","date_gmt":"2025-07-04T19:46:43","guid":{"rendered":"https:\/\/institutoemignone-bue.infd.edu.ar\/sitio\/?p=2288"},"modified":"2025-11-17T20:02:38","modified_gmt":"2025-11-17T23:02:38","slug":"inscripcion-a-mesas-de-examenes-agosto-2025-y-cronograma-de-horarios","status":"publish","type":"post","link":"https:\/\/institutoemignone-bue.infd.edu.ar\/sitio\/inscripcion-a-mesas-de-examenes-agosto-2025-y-cronograma-de-horarios\/","title":{"rendered":"Inscripci\u00f3n a mesas de ex\u00e1menes agosto 2025 y cronograma de horarios"},"content":{"rendered":"\n<p>A partir del<strong> d\u00eda 7 y hasta 11 de julio <\/strong>podr\u00e1n realizar la<strong> inscripci\u00f3n a las mesas de ex\u00e1menes regulares y libres<\/strong> correspondientes al llamado de <strong>Agosto 2025 <\/strong>para las asignaturas de las carreras del Profesorado de Educaci\u00f3n F\u00edsica, Tecnicaturas Superiores de Bibliotecolog\u00eda, Gesti\u00f3n Cultural, Dise\u00f1o y Producci\u00f3n de Indumentaria, Relaciones P\u00fablicas y Ceremonial y Servicios Gastron\u00f3micos.&nbsp;<\/p>\n\n\n\n<ul>\n<li><strong>El desarrollo de las mesas ser\u00e1 del lunes 4 al jueves 14 de agosto de 2025.<\/strong><\/li>\n<\/ul>\n\n\n\n<p><strong>ENLACES A LAS FECHAS Y HORARIOS DE MESAS DE EXAMEN POR CARRERA<\/strong><\/p>\n\n\n\n<ul>\n<li>\u2013&gt; <a rel=\"noreferrer noopener\" href=\"https:\/\/drive.google.com\/drive\/folders\/1qodmTyvVB3fpTGx47AuRR4T0t57pR0cW?usp=sharing\" target=\"_blank\">ENLACE<\/a>  <a href=\"https:\/\/drive.google.com\/drive\/folders\/15yHcA6rD7GBIkkgTaT5O45QmQDF5kzRj?usp=sharing\">&nbsp;<\/a>&nbsp;&nbsp;<\/li>\n<\/ul>\n\n\n\n<p><strong>ENLACES A LAS PLANILLAS DE INSCRIPCI\u00d3N (el enlace se activar\u00e1n hasta el 11 de julio de 2025)<\/strong><\/p>\n\n\n\n<ul>\n<li>Profesorado de Educaci\u00f3n F\u00edsica.<\/li>\n\n\n\n<li>Tecnicatura Superior en Relaciones P\u00fablicas<\/li>\n\n\n\n<li>Tecnicatura Superior en Gesti\u00f3n Cultural.<\/li>\n\n\n\n<li>Tecnicatura Superior en Dise\u00f1o<\/li>\n\n\n\n<li>T\u00e9cnico Superior en Bibliotecolog\u00eda (Plan Resol. 6161\/03)<\/li>\n\n\n\n<li>T\u00e9cnico Superior en Bibliotecolog\u00eda (Plan Resol. 5497\/24)<\/li>\n\n\n\n<li><a href=\"https:\/\/docs.google.com\/forms\/d\/e\/1FAIpQLSf0l4sC1UeyDvmr6Qd_5L0jQp4PpJWl3aPEdDvshfuvW8liag\/viewform\">Tecnicatura Su<\/a>perior e<a href=\"https:\/\/docs.google.com\/forms\/d\/e\/1FAIpQLSf0l4sC1UeyDvmr6Qd_5L0jQp4PpJWl3aPEdDvshfuvW8liag\/viewform\">n Servicios Gastron\u00f3micos<\/a><\/li>\n<\/ul>\n\n\n\n<p><strong>IMPORTANTE<\/strong>:<\/p>\n\n\n\n<ul>\n<li><strong>Cada estudiante ser\u00e1 responsable <\/strong>de inscribirse de acuerdo al <strong>r\u00e9gimen de correlatividades<\/strong> de su <strong>plan de estudios<\/strong> y al <a href=\"https:\/\/abc.gob.ar\/secretarias\/sites\/default\/files\/2025-04\/RAM%20Superior%204196-24%20y%20anexos.pdf\"><strong>R\u00e9gimen Acad\u00e9mico<\/strong> vigente<\/a> (Resol. 4196\/24).&nbsp;<\/li>\n\n\n\n<li>Deber\u00e1n anotarse en<strong> todas <\/strong>las asignaturas que deseen rendir (exceptuando aquellas en las que adeude su correlativa.<\/li>\n<\/ul>\n\n\n\n<p>Se recuerda a aquellos estudiantes que deban rendir ex\u00e1menes<strong> finales de materias correlativas, solo pueden inscribirse en la primera. En caso de aprobar, el instituto permite que se inscriban ese mismo d\u00eda de manera presencial<\/strong> con su preceptor.<\/p>\n\n\n\n<ul>\n<li><strong>Ex\u00e1menes Libres. <\/strong>Se aceptan siempre que se respete la correlatividades con respecto al Dise\u00f1o Curricular de la carrera correspondiente.&nbsp;&nbsp;<\/li>\n\n\n\n<li><strong>No se aceptar\u00e1n inscripciones fuera de fecha.<\/strong><\/li>\n<\/ul>\n","protected":false},"excerpt":{"rendered":"<p>A partir del d\u00eda 7 y hasta 11 de julio podr\u00e1n realizar la inscripci\u00f3n a las mesas de ex\u00e1menes regulares y libres correspondientes al llamado de Agosto 2025 para las asignaturas de las carreras del Profesorado de Educaci\u00f3n F\u00edsica, Tecnicaturas Superiores de Bibliotecolog\u00eda, Gesti\u00f3n Cultural, Dise\u00f1o y Producci\u00f3n de Indumentaria, Relaciones P\u00fablicas y Ceremonial y &#8230; <a title=\"Inscripci\u00f3n a mesas de ex\u00e1menes agosto 2025 y cronograma de horarios\" class=\"read-more\" href=\"https:\/\/institutoemignone-bue.infd.edu.ar\/sitio\/inscripcion-a-mesas-de-examenes-agosto-2025-y-cronograma-de-horarios\/\" aria-label=\"More on Inscripci\u00f3n a mesas de ex\u00e1menes agosto 2025 y cronograma de horarios\">[+]<\/a><\/p>\n","protected":false},"author":1415,"featured_media":0,"comment_status":"closed","ping_status":"closed","sticky":false,"template":"","format":"standard","meta":[],"categories":[8,7,6],"tags":[64,38],"acf":[],"_links":{"self":[{"href":"https:\/\/institutoemignone-bue.infd.edu.ar\/sitio\/wp-json\/wp\/v2\/posts\/2288"}],"collection":[{"href":"https:\/\/institutoemignone-bue.infd.edu.ar\/sitio\/wp-json\/wp\/v2\/posts"}],"about":[{"href":"https:\/\/institutoemignone-bue.infd.edu.ar\/sitio\/wp-json\/wp\/v2\/types\/post"}],"author":[{"embeddable":true,"href":"https:\/\/institutoemignone-bue.infd.edu.ar\/sitio\/wp-json\/wp\/v2\/users\/1415"}],"replies":[{"embeddable":true,"href":"https:\/\/institutoemignone-bue.infd.edu.ar\/sitio\/wp-json\/wp\/v2\/comments?post=2288"}],"version-history":[{"count":5,"href":"https:\/\/institutoemignone-bue.infd.edu.ar\/sitio\/wp-json\/wp\/v2\/posts\/2288\/revisions"}],"predecessor-version":[{"id":2332,"href":"https:\/\/institutoemignone-bue.infd.edu.ar\/sitio\/wp-json\/wp\/v2\/posts\/2288\/revisions\/2332"}],"wp:attachment":[{"href":"https:\/\/institutoemignone-bue.infd.edu.ar\/sitio\/wp-json\/wp\/v2\/media?parent=2288"}],"wp:term":[{"taxonomy":"category","embeddable":true,"href":"https:\/\/institutoemignone-bue.infd.edu.ar\/sitio\/wp-json\/wp\/v2\/categories?post=2288"},{"taxonomy":"post_tag","embeddable":true,"href":"https:\/\/institutoemignone-bue.infd.edu.ar\/sitio\/wp-json\/wp\/v2\/tags?post=2288"}],"curies":[{"name":"wp","href":"https:\/\/api.w.org\/{rel}","templated":true}]}}