{"id":2286,"date":"2025-06-05T20:29:11","date_gmt":"2025-06-05T23:29:11","guid":{"rendered":"https:\/\/institutoemignone-bue.infd.edu.ar\/sitio\/?p=2286"},"modified":"2025-06-06T08:17:35","modified_gmt":"2025-06-06T11:17:35","slug":"llamado-a-cobertura-de-asignatura-del-profesorado-de-educacion-fisica-junio-2025","status":"publish","type":"post","link":"https:\/\/institutoemignone-bue.infd.edu.ar\/sitio\/llamado-a-cobertura-de-asignatura-del-profesorado-de-educacion-fisica-junio-2025\/","title":{"rendered":"Llamado a cobertura de asignatura del Profesorado de Educaci\u00f3n F\u00edsica Junio 2025"},"content":{"rendered":"\n<p>Se abre la convocatoria a cobertura de un cargo docente de car\u00e1cter titular de D.I.E.G.E.P para el Profesorado en Educaci\u00f3n F\u00edsica plan 2432\/09 del Instituto Mignone, en la asignatura que m\u00e1s abajo se detalla.<\/p>\n\n\n\n<p>Quienes deseen postularse, enviar un mail con el siguiente <strong>asunto:<\/strong> CONVOCATORIA DOCENTE PEF DOCUMENTACI\u00d3N, <strong>a<\/strong> la siguiente <strong>direcci\u00f3n de email:<\/strong> <strong>inscripcionmignone@gmail.com<\/strong>&nbsp; <strong>adjuntando<\/strong> toda la documentaci\u00f3n requerida <strong>en un archivo PDF \u00f3 JPG <\/strong>o de ser muy pesado, por enlace de Google Drive.<\/p>\n\n\n\n<p>Si la documentaci\u00f3n resultase completa y habilitante para el o los espacios curriculares por los que concursa deber\u00e1 presentar una<strong> PROPUESTA PEDAG\u00d3GICA<\/strong>. Si la misma cumple con los requisitos m\u00ednimos solicitados, accede a una <strong>entrevista con la presentaci\u00f3n de dicha propuesta y defensa de la misma <\/strong>con fecha a confirmar.<\/p>\n\n\n\n<ul>\n<li><strong>DIFUSI\u00d3N: del 5 al 9 de junio 2025<\/strong><\/li>\n\n\n\n<li><strong>FECHA L\u00cdMITE DE ENTREGA de DOCUMENTACI\u00d3N V\u00cdA MAIL:&nbsp; 9 de junio de 2025 \u2013 23 hs.<\/strong><\/li>\n\n\n\n<li><strong>NOTIFICACI\u00d3N SOBRE EL RESULTADO: 12 de junio de 2025.<\/strong><\/li>\n\n\n\n<li><strong>ENTREGA DE LA PROPUESTA PEDAG\u00d3GICA (s\u00f3lo los que quedaron seleccionados): hasta el 16 de junio a las 23:00 hs.<\/strong><\/li>\n\n\n\n<li><strong>FECHA DE ENTREVISTA: a confirmar con los postulantes seleccionados.<\/strong><\/li>\n<\/ul>\n\n\n\n<h2 class=\"wp-block-heading\"><strong>PROFESORADO DE EDUCACI\u00d3N F\u00cdSICA<\/strong><\/h2>\n\n\n\n<ol>\n<li><strong>Espacio Curricular: DID\u00c1CTICA de las PR\u00c1CTICAS en la NATURALEZA y al AIRE LIBRE I. 2\u00b0 a\u00f1o.<\/strong><\/li>\n<\/ol>\n\n\n\n<ul>\n<li><strong>Car\u00e1cter Titular<\/strong><\/li>\n\n\n\n<li><strong>Perfil<\/strong>: Lic. y\/o Profesor de Educaci\u00f3n F\u00edsica (t\u00edtulo docente habilitante y actividades de formaci\u00f3n en el \u00e1rea de incumbencia para la asignatura.&nbsp;<\/li>\n\n\n\n<li><strong>Carga horaria:<\/strong> 4 hc. (2 horas reloj o 3 h\/c y 1h\/c TAIN).<\/li>\n\n\n\n<li><strong>D\u00eda y horario<\/strong>: viernes de 15&nbsp; a 17 hs.<\/li>\n\n\n\n<li>A TENER EN CUENTA: la propuesta pedag\u00f3gico-did\u00e1ctica deber\u00e1 promover pr\u00e1cticas innovadoras que impulsen la informaci\u00f3n, sensibilizaci\u00f3n y acci\u00f3n estudiantil, favoreciendo el pensamiento cr\u00edtico en el marco de la Ley de Educaci\u00f3n Ambiental Integral.<\/li>\n<\/ul>\n\n\n\n<h2 class=\"wp-block-heading\"><strong>DOCUMENTACI\u00d3N A ENTREGAR:<\/strong><\/h2>\n\n\n\n<ul>\n<li><strong>DNI<\/strong><\/li>\n\n\n\n<li><strong>Constancia CUIL\/CUIT<\/strong><\/li>\n\n\n\n<li><strong>T\u00edtulo de la especialidad y habilitante docente<\/strong><\/li>\n\n\n\n<li><strong>Curriculum Vitae <\/strong>(en el cual debe constar entre otros: t\u00edtulos, cursos y capacitaciones dictadas y realizadas, publicaciones, experiencia docente y profesional comprobable, entre otros)<\/li>\n\n\n\n<li><strong>Presentaci\u00f3n de la declaraci\u00f3n jurada de cargos del \u00e1mbito estatal y privado.<\/strong> Se tendr\u00e1 en cuenta el <strong>r\u00e9gimen de incompatibilidades del Estatuto Docente ART\u00cdCULO 28\u00b0<\/strong>.<\/li>\n\n\n\n<li><strong>No recibir alg\u00fan beneficio jubilatorio.<\/strong><\/li>\n\n\n\n<li><strong>Cursos y capacitaci\u00f3n que manifiesten que no sean de m\u00e1s de 5 a\u00f1os de actualizaci\u00f3n.<\/strong><\/li>\n\n\n\n<li><strong>Propuesta pedag\u00f3gica enmarcada en el Dise\u00f1o Curricular de la Carrera con el desarrollo de los contenidos m\u00ednimos que all\u00ed se establecen.<\/strong><\/li>\n<\/ul>\n\n\n\n<h2 class=\"wp-block-heading\"><strong>Elementos m\u00ednimos de la PROPUESTA PEDAG\u00d3GICA A PRESENTAR:<\/strong><\/h2>\n\n\n\n<ul>\n<li><strong>Nombre del espacio curricular<\/strong><\/li>\n\n\n\n<li><strong>Fundamentaci\u00f3n <\/strong>(Justificaci\u00f3n de la propuesta a la luz de los marcos te\u00f3ricos pertinentes y dise\u00f1o curricular del Profesorado de Educaci\u00f3n F\u00edsica <a href=\"http:\/\/servicios.abc.gov.ar\/lainstitucion\/organismos\/consejogeneral\/disenioscurriculares\/documentosdescarga\/res2432-09fd_educ_fisica.pdf\">RESOLUCI\u00d3N N\u00ba 2432\/09<\/a> )<strong>&nbsp;<\/strong><\/li>\n\n\n\n<li><strong>Expectativas de logro<\/strong><\/li>\n\n\n\n<li><strong>Prop\u00f3sitos del docente<\/strong><\/li>\n\n\n\n<li><strong>Contenidos y encuadre metodol\u00f3gico<\/strong><\/li>\n\n\n\n<li><strong>Presupuesto de tiempo<\/strong><\/li>\n\n\n\n<li><strong>Recursos&nbsp;<\/strong><\/li>\n\n\n\n<li><strong>Material bibliogr\u00e1fico<\/strong><\/li>\n\n\n\n<li><strong>Articulaci\u00f3n con el espacio de la pr\u00e1ctica docente<\/strong><\/li>\n\n\n\n<li><strong>Evaluaci\u00f3n<\/strong><\/li>\n<\/ul>\n\n\n\n<h2 class=\"wp-block-heading\"><strong>Material y bibliograf\u00eda de referencia sugerida para el concurso y armado del proyecto<\/strong><\/h2>\n\n\n\n<ul>\n<li><strong>ENLACE \u2192<\/strong><a href=\"https:\/\/drive.google.com\/file\/d\/1HcBZR5GU523C9nAGqcU4lNuazWra5KcM\/view?usp=sharing\"><strong>https:\/\/drive.google.com\/file\/d\/1HcBZR5GU523C9nAGqcU4lNuazWra5KcM\/view?usp=sharing<\/strong><\/a><\/li>\n<\/ul>\n","protected":false},"excerpt":{"rendered":"<p>Se abre la convocatoria a cobertura de un cargo docente de car\u00e1cter titular de D.I.E.G.E.P para el Profesorado en Educaci\u00f3n F\u00edsica plan 2432\/09 del Instituto Mignone, en la asignatura que m\u00e1s abajo se detalla. Quienes deseen postularse, enviar un mail con el siguiente asunto: CONVOCATORIA DOCENTE PEF DOCUMENTACI\u00d3N, a la siguiente direcci\u00f3n de email: inscripcionmignone@gmail.com&nbsp; &#8230; <a title=\"Llamado a cobertura de asignatura del Profesorado de Educaci\u00f3n F\u00edsica Junio 2025\" class=\"read-more\" href=\"https:\/\/institutoemignone-bue.infd.edu.ar\/sitio\/llamado-a-cobertura-de-asignatura-del-profesorado-de-educacion-fisica-junio-2025\/\" aria-label=\"More on Llamado a cobertura de asignatura del Profesorado de Educaci\u00f3n F\u00edsica Junio 2025\">[+]<\/a><\/p>\n","protected":false},"author":1415,"featured_media":0,"comment_status":"closed","ping_status":"open","sticky":false,"template":"","format":"standard","meta":[],"categories":[7,6],"tags":[33,16,28],"acf":[],"_links":{"self":[{"href":"https:\/\/institutoemignone-bue.infd.edu.ar\/sitio\/wp-json\/wp\/v2\/posts\/2286"}],"collection":[{"href":"https:\/\/institutoemignone-bue.infd.edu.ar\/sitio\/wp-json\/wp\/v2\/posts"}],"about":[{"href":"https:\/\/institutoemignone-bue.infd.edu.ar\/sitio\/wp-json\/wp\/v2\/types\/post"}],"author":[{"embeddable":true,"href":"https:\/\/institutoemignone-bue.infd.edu.ar\/sitio\/wp-json\/wp\/v2\/users\/1415"}],"replies":[{"embeddable":true,"href":"https:\/\/institutoemignone-bue.infd.edu.ar\/sitio\/wp-json\/wp\/v2\/comments?post=2286"}],"version-history":[{"count":1,"href":"https:\/\/institutoemignone-bue.infd.edu.ar\/sitio\/wp-json\/wp\/v2\/posts\/2286\/revisions"}],"predecessor-version":[{"id":2287,"href":"https:\/\/institutoemignone-bue.infd.edu.ar\/sitio\/wp-json\/wp\/v2\/posts\/2286\/revisions\/2287"}],"wp:attachment":[{"href":"https:\/\/institutoemignone-bue.infd.edu.ar\/sitio\/wp-json\/wp\/v2\/media?parent=2286"}],"wp:term":[{"taxonomy":"category","embeddable":true,"href":"https:\/\/institutoemignone-bue.infd.edu.ar\/sitio\/wp-json\/wp\/v2\/categories?post=2286"},{"taxonomy":"post_tag","embeddable":true,"href":"https:\/\/institutoemignone-bue.infd.edu.ar\/sitio\/wp-json\/wp\/v2\/tags?post=2286"}],"curies":[{"name":"wp","href":"https:\/\/api.w.org\/{rel}","templated":true}]}}