{"id":2264,"date":"2025-02-04T17:27:13","date_gmt":"2025-02-04T20:27:13","guid":{"rendered":"https:\/\/institutoemignone-bue.infd.edu.ar\/sitio\/?p=2264"},"modified":"2025-02-04T17:34:05","modified_gmt":"2025-02-04T20:34:05","slug":"llamado-a-concurso-cargo-de-regencia","status":"publish","type":"post","link":"https:\/\/institutoemignone-bue.infd.edu.ar\/sitio\/llamado-a-concurso-cargo-de-regencia\/","title":{"rendered":"Llamado a concurso cargo de regencia del Instituto Mignone"},"content":{"rendered":"\n<p><strong>BASES DEL CONCURSO DE ANTECEDENTES, PRESENTACION DE PROYECTOS Y OPOSICION<\/strong><\/p>\n\n\n\n<p><strong>INSTITUTO MUNICIPAL SUPERIOR DE EDUCACION Y TECNOLOGIA \u201cDR. EMILIO F. MIGNONE\u201d DIPREGEP 2457.<\/strong><\/p>\n\n\n\n<h2 class=\"wp-block-heading\">Expediente N\u00b0EX-2024-000182963-MUNILUJAN-S JG<\/h2>\n\n\n\n<p>ACCESO AL DECRETO Y BASES DE INSCRIPCI\u00d3N &#8211;> <a rel=\"noreferrer noopener\" href=\"https:\/\/drive.google.com\/drive\/folders\/10ucsW1Y69QtEefiVnyfsmDsShYR3yOi6?usp=sharing\" target=\"_blank\">ENLACE<\/a><\/p>\n\n\n\n<p>VACANTE A CUBRIR<strong>:<\/strong><\/p>\n\n\n\n<ol type=\"1\">\n<li><strong>REGENTE<\/strong><strong><\/strong><\/li>\n<\/ol>\n\n\n\n<h2 class=\"wp-block-heading\">Requisitos generales de los\/las aspirantes:<\/h2>\n\n\n\n<ul>\n<li>Podr\u00e1n presentarse al concurso quienes no excedan a la fecha del llamado al concurso, la edad fijada para iniciar el proceso jubilatorio, de acuerdo con las disposiciones vigentes.<ul><li>No poseer antecedentes penales.<\/li><\/ul><ul><li>Poseer t\u00edtulo de formaci\u00f3n en ense\u00f1anza superior y\/o encontrarse habilitado\/a para ejercer.<\/li><\/ul><ul><li>Tener como m\u00ednimo cinco (5) a\u00f1os de antig\u00fcedad en la Ense\u00f1anza Superior.<\/li><\/ul>\n<ul>\n<li>Ser ciudadano argentino o naturalizado.<\/li>\n<\/ul>\n<\/li>\n<\/ul>\n\n\n\n<p>DOCUMENTACION REQUERIDA:<\/p>\n\n\n\n<ul>\n<li>Fotocopia de DNI.<ul><li>Copia de t\u00edtulo docente y\/o formaci\u00f3n pedag\u00f3gica para ense\u00f1anza superior.<\/li><\/ul><ul><li>Curr\u00edculum Vitae.<\/li><\/ul>\n<ul>\n<li>Antecedentes (t\u00edtulos, cursos, concursos, antig\u00fcedad docente, carreras en curso).<\/li>\n<\/ul>\n<\/li>\n<\/ul>\n\n\n\n<p>TEMARIO Y BIBLIOGRAFIA:<\/p>\n\n\n\n<h2 class=\"wp-block-heading\">Temario del proyecto:<\/h2>\n\n\n\n<p>Comunicaci\u00f3n, Organizaci\u00f3n y Planeamiento Escolar, Reglamento General de Instituciones Educativas en cuanto roles y funciones, el Estatuto Docente. El regente como integrante del equipo de conducci\u00f3n: responsabilidades compartidas y espec\u00edficas en la organizaci\u00f3n y conducci\u00f3n de la instituci\u00f3n educativa. Cuestiones Acad\u00e9micas y pedag\u00f3gicas del Nivel Superior. Agenda de Supervisi\u00f3n. Conocimiento de la implementaci\u00f3n de pr\u00e1cticas docentes y profesionalizantes.<\/p>\n\n\n\n<ol type=\"a\">\n<li><strong>Para la elaboraci\u00f3n del proyecto, se deben seguir las siguientes pautas:<\/strong><\/li>\n<\/ol>\n\n\n\n<ul>\n<li>Interlineado: 1,5<\/li>\n\n\n\n<li>M\u00e1rgenes: superior e inferior 2.5 cm.; laterales 3 cm. Texto: justificado.<\/li>\n\n\n\n<li>Extensi\u00f3n m\u00ednima: 7 carillas. Extensi\u00f3n m\u00e1xima: 10 carillas.<\/li>\n\n\n\n<li>Los contenidos b\u00e1sicos deber\u00e1n tener en cuenta el contexto de la instituci\u00f3n:<\/li>\n<\/ul>\n\n\n\n<p>Informaci\u00f3n\u00a0\u00a0\u00a0 institucional\u00a0\u00a0\u00a0\u00a0 y\u00a0\u00a0\u00a0\u00a0 sobre\u00a0\u00a0\u00a0\u00a0 las\u00a0\u00a0\u00a0\u00a0 carreras\u00a0\u00a0\u00a0\u00a0 del\u00a0\u00a0\u00a0 Instituto:\u00a0\u00a0\u00a0\u00a0\u00a0\u00a0\u00a0\u00a0\u00a0\u00a0\u00a0\u00a0\u00a0\u00a0\u00a0\u00a0\u00a0\u00a0\u00a0\u00a0\u00a0\u00a0\u00a0\u00a0 https:\/\/institutoemignone- bue.infd.edu.ar. (Dise\u00f1os Curriculares de cada carrera).<\/p>\n\n\n\n<p><strong>BIBLIOGRAF\u00cdA<sup>1<\/sup>:<\/strong><strong><\/strong><\/p>\n\n\n\n<p>BARATO, J. Formaci\u00f3n Profesional. \u00bfSaberes del ocio o saberes del trabajo? Disponible en: <a href=\"http:\/\/www.ilo.org\/public\/spanish\">www.ilo.org\/public\/spanish.<\/a><\/p>\n\n\n\n<p>D\u00cdAZ BARRIGA, A. El enfoque por competencias en la educaci\u00f3n y una alternativa o un disfraz de<\/p>\n\n\n\n<p>cambio. Revista: Perfiles Educativos (on line) 2006.<\/p>\n\n\n\n<p>GVIRTZ, Silvina y De Podest\u00e1, Ma. Eugenia (2009). Mejorar la gesti\u00f3n directiva en la escuela. Buenos Aires: Granica. Primera parte, pp. 29-114<\/p>\n\n\n\n<p>PUIGGR\u00d3S, A. (2003). La organizaci\u00f3n del Sistema Educativo Nacional en \u00bfQu\u00e9 pas\u00f3 en la educaci\u00f3n argentina? Breve historia desde la conquista hasta el presente. Buenos Aires: Galerna,<\/p>\n\n\n\n<p>pp.73-90.<\/p>\n\n\n\n<p>DUSSEL, In\u00e9s: Aprender y ense\u00f1ar en la cultura digital. VI Foro Latinoamericano de Educaci\u00f3n;<\/p>\n\n\n\n<p>Educaci\u00f3n y nuevas tecnolog\u00edas: los desaf\u00edos pedag\u00f3gicos ante el mundo digital.<\/p>\n\n\n\n<p>GRINBERG, S. El Mundo del Trabajo en la Escuela. La producci\u00f3n de significados en los campos<\/p>\n\n\n\n<p>curriculares.<\/p>\n\n\n\n<p><sup>1<\/sup> El material bibliogr\u00e1fico y documental enunciado es a los fines de servir como gu\u00eda y de contenido b\u00e1sico para tener en cuenta en el armado del proyecto. Cabe aclarar, que podr\u00e1 tener en cuenta otra bibliograf\u00eda y podr\u00e1 agregar otra espec\u00edfica del \u00e1mbito tem\u00e1tico del cargo al que se postula.<\/p>\n\n\n\n<p><strong>NORMATIVA<\/strong><\/p>\n\n\n\n<p>Ley de Educaci\u00f3n Nacional N\u00b026206\/06 Ley 24521- Ley de Educaci\u00f3n Superior<\/p>\n\n\n\n<p>Ley de Educaci\u00f3n de la Provincia de Buenos Aires N\u00b013688\/07 Ley de Educaci\u00f3n T\u00e9cnico Profesional N\u00ba 26.058\/05 Reglamento General de Instituciones Educativas N\u00b02299\/11<\/p>\n\n\n\n<p>Ley 10579. Estatuto del docente y sus modificatorias Ley de Educaci\u00f3n Sexual Integral N\u00b026.150\/06<\/p>\n\n\n\n<p>Ley Provincial de Educaci\u00f3n Sexual Integral N\u00b014744\/15 Ley de Identidad de g\u00e9nero N\u00b026743\/12<\/p>\n\n\n\n<p>Resoluci\u00f3n N\u00b0 2383\/05 Reglamento General de Institutos de Educaci\u00f3n Superior.<\/p>\n\n\n\n<p>Resoluci\u00f3n N\u00b0 5960\/05 Normas para la organizaci\u00f3n de las Plantas Org\u00e1nico Funcionales del nivel superior.<\/p>\n\n\n\n<p>DI-2018-66-GDEBA-DPETPDGCYE Disposici\u00f3n que regula las Pr\u00e1cticas Profesionalizantes en el nivel superior.<\/p>\n\n\n\n<p>Res. 3121_04 &#8211; Constituci\u00f3n de C\u00e1tedra de Nivel Superior Comunicaci\u00f3n Conjunta 1-12 Gu\u00eda para la intervenci\u00f3n en situaciones conflictivas en el escenario escolar.<\/p>\n\n\n\n<p>Resoluci\u00f3n N\u00b0 942-18 Marco General para la presentaci\u00f3n de Proyectos de Educaci\u00f3n a distancia<\/p>\n\n\n\n<p>Resoluci\u00f3n 4196\/24 R\u00e9gimen Acad\u00e9mico Marco (RAM).<\/p>\n\n\n\n<p>RESOC-2024-3871-GDEBA-DGCYE, Salidas Educativas y de Representaci\u00f3n Institucional Resoluci\u00f3n N\u00b05356\/24 (RESOC-2024-5356-GDEBA-DGCYE) &#8211; COPRET: Sistema de Pr\u00e1cticas Educativas en Ambiente de Trabajo: conceptualizaci\u00f3n, objeto e implementaci\u00f3n.<\/p>\n\n\n\n<p>Resoluci\u00f3n N\u00b0 4900\/05 y N\u00ba 4288\/11. Centros de Estudiantes.<\/p>\n\n\n\n<p><strong>FECHAS Y PLAZOS DE INSCRIPCION:<\/strong><\/p>\n\n\n\n<ul>\n<li>Publicaci\u00f3n y difusi\u00f3n del Decreto de Convocatoria a Concurso P\u00fablico y Abierto de presentaci\u00f3n de Proyectos<strong>: 03\/02\/2025 <\/strong>al <strong>07\/02\/2025.<\/strong><ul><li>Fecha de inscripci\u00f3n<strong>: una vez finalizada la publicaci\u00f3n, en la plataforma web: <\/strong><a href=\"http:\/\/www.empleo.lujan.gob.ar\/\"><strong>www.empleo.lujan.gob.ar,<\/strong><\/a><strong> <\/strong>de manera paralela se debe remitir a la direcci\u00f3n de correo electr\u00f3nico: <a href=\"mailto:concursosimset@lujan.gob.ar\">concursosimset@lujan.gob.ar,<\/a> la documentaci\u00f3n respaldatoria solicitada como \u201cDocumentaci\u00f3n requerida\u201d.<\/li><\/ul><ul><li>Verificaci\u00f3n de documentaci\u00f3n de n\u00f3mina de inscriptos: se realizar\u00e1 en la semana posterior a la etapa de inscripci\u00f3n y se notificar\u00e1 mediante la direcci\u00f3n de correo electr\u00f3nico <a href=\"mailto:concursosimset@lujan.gob.ar\">concursosimset@lujan.gob.ar<\/a> a quienes est\u00e1n en condiciones de enviar el proyecto correspondiente.<\/li><\/ul><ul><li>Entrevistas: se realizar\u00e1n <strong>luego de la revisi\u00f3n de los proyectos y antecedentes acad\u00e9micos, a quienes superen ambas instancias, y se los convocar\u00e1 <\/strong>mediante la direcci\u00f3n de correo electr\u00f3nico <a href=\"mailto:concursosimset@lujan.gob.ar\">concursosimset@lujan.gob.ar.<\/a><\/li><\/ul>\n<ul>\n<li><strong><u>Es menester que los aspirantes obtengan en cada etapa, una nota igual o<\/u><\/strong><strong> <u>superior a siete (7). Caso contrario, quedar\u00e1n excluidos del Concurso<\/u><\/strong><\/li>\n<\/ul>\n<\/li>\n<\/ul>\n","protected":false},"excerpt":{"rendered":"<p>BASES DEL CONCURSO DE ANTECEDENTES, PRESENTACION DE PROYECTOS Y OPOSICION INSTITUTO MUNICIPAL SUPERIOR DE EDUCACION Y TECNOLOGIA \u201cDR. EMILIO F. MIGNONE\u201d DIPREGEP 2457. Expediente N\u00b0EX-2024-000182963-MUNILUJAN-S JG ACCESO AL DECRETO Y BASES DE INSCRIPCI\u00d3N &#8211;> ENLACE VACANTE A CUBRIR: Requisitos generales de los\/las aspirantes: DOCUMENTACION REQUERIDA: TEMARIO Y BIBLIOGRAFIA: Temario del proyecto: Comunicaci\u00f3n, Organizaci\u00f3n y Planeamiento &#8230; <a title=\"Llamado a concurso cargo de regencia del Instituto Mignone\" class=\"read-more\" href=\"https:\/\/institutoemignone-bue.infd.edu.ar\/sitio\/llamado-a-concurso-cargo-de-regencia\/\" aria-label=\"More on Llamado a concurso cargo de regencia del Instituto Mignone\">[+]<\/a><\/p>\n","protected":false},"author":1415,"featured_media":0,"comment_status":"closed","ping_status":"open","sticky":false,"template":"","format":"standard","meta":[],"categories":[7,6],"tags":[16,61],"acf":[],"_links":{"self":[{"href":"https:\/\/institutoemignone-bue.infd.edu.ar\/sitio\/wp-json\/wp\/v2\/posts\/2264"}],"collection":[{"href":"https:\/\/institutoemignone-bue.infd.edu.ar\/sitio\/wp-json\/wp\/v2\/posts"}],"about":[{"href":"https:\/\/institutoemignone-bue.infd.edu.ar\/sitio\/wp-json\/wp\/v2\/types\/post"}],"author":[{"embeddable":true,"href":"https:\/\/institutoemignone-bue.infd.edu.ar\/sitio\/wp-json\/wp\/v2\/users\/1415"}],"replies":[{"embeddable":true,"href":"https:\/\/institutoemignone-bue.infd.edu.ar\/sitio\/wp-json\/wp\/v2\/comments?post=2264"}],"version-history":[{"count":2,"href":"https:\/\/institutoemignone-bue.infd.edu.ar\/sitio\/wp-json\/wp\/v2\/posts\/2264\/revisions"}],"predecessor-version":[{"id":2266,"href":"https:\/\/institutoemignone-bue.infd.edu.ar\/sitio\/wp-json\/wp\/v2\/posts\/2264\/revisions\/2266"}],"wp:attachment":[{"href":"https:\/\/institutoemignone-bue.infd.edu.ar\/sitio\/wp-json\/wp\/v2\/media?parent=2264"}],"wp:term":[{"taxonomy":"category","embeddable":true,"href":"https:\/\/institutoemignone-bue.infd.edu.ar\/sitio\/wp-json\/wp\/v2\/categories?post=2264"},{"taxonomy":"post_tag","embeddable":true,"href":"https:\/\/institutoemignone-bue.infd.edu.ar\/sitio\/wp-json\/wp\/v2\/tags?post=2264"}],"curies":[{"name":"wp","href":"https:\/\/api.w.org\/{rel}","templated":true}]}}