{"id":2261,"date":"2024-12-19T16:14:36","date_gmt":"2024-12-19T19:14:36","guid":{"rendered":"https:\/\/institutoemignone-bue.infd.edu.ar\/sitio\/?p=2261"},"modified":"2025-02-12T09:45:59","modified_gmt":"2025-02-12T12:45:59","slug":"inscripcion-a-mesas-de-examenes-marzo-2025-y-cronograma-de-horarios","status":"publish","type":"post","link":"https:\/\/institutoemignone-bue.infd.edu.ar\/sitio\/inscripcion-a-mesas-de-examenes-marzo-2025-y-cronograma-de-horarios\/","title":{"rendered":"Inscripci\u00f3n a mesas de ex\u00e1menes marzo 2025 y cronograma de horarios"},"content":{"rendered":"\n<p>A partir del<strong> d\u00eda del 12 y hasta el 17 de febrero <\/strong>podr\u00e1n realizar la<strong> inscripci\u00f3n a las mesas de ex\u00e1menes regulares y libres<\/strong> correspondientes al llamado de <strong>marzo 2025 <\/strong>para las asignaturas de las carreras del Profesorado de Educaci\u00f3n F\u00edsica, Tecnicaturas Superiores de Bibliotecolog\u00eda, Gesti\u00f3n Cultural, Dise\u00f1o y Producci\u00f3n de Indumentaria, Relaciones P\u00fablicas y Ceremonial y Servicios Gastron\u00f3micos.&nbsp;<\/p>\n\n\n\n<ul>\n<li><strong>El desarrollo de las mesas ser\u00e1 del 24 de febrero al 11 de marzo de 2025.<\/strong><\/li>\n<\/ul>\n\n\n\n<p><strong>ENLACES A LAS FECHAS Y HORARIOS DE MESAS DE EXAMEN POR CARRERA<\/strong><\/p>\n\n\n\n<ul>\n<li>\u2013&gt; <a href=\"https:\/\/drive.google.com\/drive\/folders\/1pEQC4W3xTJx08K32UjweEdlOfXkvHMbl?usp=sharing\">ENLACE<\/a> <a href=\"https:\/\/drive.google.com\/drive\/folders\/15yHcA6rD7GBIkkgTaT5O45QmQDF5kzRj?usp=sharing\">&nbsp;<\/a>&nbsp;&nbsp;<\/li>\n<\/ul>\n\n\n\n<p><strong>ENLACES A LAS PLANILLAS DE INSCRIPCI\u00d3N (se activar\u00e1n hasta el 17 de febrero de 2024)<\/strong><\/p>\n\n\n\n<ul>\n<li><a href=\"https:\/\/docs.google.com\/forms\/d\/e\/1FAIpQLSecrep5C2hcsbu8sD8_ZDPk8oqKVN56PT3QGSNvvn_ELgYR6A\/viewform\">Profesorado de Educaci\u00f3n F\u00edsica.<\/a><\/li>\n\n\n\n<li><a href=\"https:\/\/docs.google.com\/forms\/d\/e\/1FAIpQLSfMiJMPHENVbdrSR2AZHb576mxRI_f1dl1I3t4H1LlqxpKKRw\/viewform\">Tecnicatura Superior en Relaciones P\u00fablicas<\/a><\/li>\n\n\n\n<li><a href=\"https:\/\/docs.google.com\/forms\/d\/e\/1FAIpQLScsmQRFY190Hlancf-0YOjn8t1RYkMNEqgCUmCbFHPKkd_I_w\/viewform\">Tecnicatura Superior en Gesti\u00f3n Cultural.<\/a><\/li>\n\n\n\n<li><a href=\"https:\/\/docs.google.com\/forms\/d\/1SQcg0fCE3p_Tv--88Iy0PH_yqeizxSCkriKcGmgK3ZA\/edit\">Tecnicatura Superior en Dise\u00f1o&nbsp;<\/a><\/li>\n\n\n\n<li><a href=\"https:\/\/docs.google.com\/forms\/d\/e\/1FAIpQLSf5NyNZ4n-CxKOrEDkJAp54kVDuEnIb0V5sAT8LJZY_MvpdEw\/viewform\">T\u00e9cnico Superior en Bibliotecolog\u00eda (Plan Resol. 6161\/03).<\/a><\/li>\n\n\n\n<li><a href=\"https:\/\/docs.google.com\/forms\/d\/e\/1FAIpQLSfWxO06kWq_9s8B9wvPxYu8Ol74r7u068Mu5Ys9S6-ZjjeYGw\/viewform\">T\u00e9cnico Superior en Bibliotecolog\u00eda (Plan Resol. 5497\/24 \u2013 s\u00f3lo 1er a\u00f1o)<\/a><\/li>\n\n\n\n<li><a href=\"https:\/\/docs.google.com\/forms\/d\/e\/1FAIpQLSf0l4sC1UeyDvmr6Qd_5L0jQp4PpJWl3aPEdDvshfuvW8liag\/viewform\">Tecnicatura Superior en Servicios Gastron\u00f3micos.<\/a><\/li>\n<\/ul>\n\n\n\n<p><strong>IMPORTANTE<\/strong>:<\/p>\n\n\n\n<ul>\n<li>Deber\u00e1n anotarse en<strong> todas <\/strong>las asignaturas que deseen rendir excepto la que tenga correlativa abierta.<\/li>\n\n\n\n<li><strong>Cada estudiante ser\u00e1 responsable <\/strong>de inscribirse de acuerdo al <strong>r\u00e9gimen de correlatividades<\/strong> de su <strong>plan de estudios<\/strong> y al <strong>R\u00e9gimen Acad\u00e9mico<\/strong> vigente (Resol. 4196\/24).&nbsp;<\/li>\n<\/ul>\n\n\n\n<p>Se recuerda a aquellos estudiantes que deban rendir ex\u00e1menes<strong> finales de materias correlativas, solo pueden inscribirse en la primera. En caso de aprobar, el instituto permite que se inscriban ese mismo d\u00eda de manera presencial<\/strong> con su preceptor.<\/p>\n\n\n\n<ul>\n<li><strong>Ex\u00e1menes Libres. <\/strong>Se aceptan siempre que se respete la correlatividades con respecto al Dise\u00f1o Curricular de la carrera correspondiente.&nbsp;&nbsp;<\/li>\n\n\n\n<li><strong>No se aceptar\u00e1n inscripciones fuera de fecha.<\/strong><\/li>\n<\/ul>\n","protected":false},"excerpt":{"rendered":"<p>A partir del d\u00eda del 12 y hasta el 17 de febrero podr\u00e1n realizar la inscripci\u00f3n a las mesas de ex\u00e1menes regulares y libres correspondientes al llamado de marzo 2025 para las asignaturas de las carreras del Profesorado de Educaci\u00f3n F\u00edsica, Tecnicaturas Superiores de Bibliotecolog\u00eda, Gesti\u00f3n Cultural, Dise\u00f1o y Producci\u00f3n de Indumentaria, Relaciones P\u00fablicas y &#8230; <a title=\"Inscripci\u00f3n a mesas de ex\u00e1menes marzo 2025 y cronograma de horarios\" class=\"read-more\" href=\"https:\/\/institutoemignone-bue.infd.edu.ar\/sitio\/inscripcion-a-mesas-de-examenes-marzo-2025-y-cronograma-de-horarios\/\" aria-label=\"More on Inscripci\u00f3n a mesas de ex\u00e1menes marzo 2025 y cronograma de horarios\">[+]<\/a><\/p>\n","protected":false},"author":1415,"featured_media":0,"comment_status":"closed","ping_status":"open","sticky":false,"template":"","format":"standard","meta":[],"categories":[8,7,6],"tags":[59,58,60,38],"acf":[],"_links":{"self":[{"href":"https:\/\/institutoemignone-bue.infd.edu.ar\/sitio\/wp-json\/wp\/v2\/posts\/2261"}],"collection":[{"href":"https:\/\/institutoemignone-bue.infd.edu.ar\/sitio\/wp-json\/wp\/v2\/posts"}],"about":[{"href":"https:\/\/institutoemignone-bue.infd.edu.ar\/sitio\/wp-json\/wp\/v2\/types\/post"}],"author":[{"embeddable":true,"href":"https:\/\/institutoemignone-bue.infd.edu.ar\/sitio\/wp-json\/wp\/v2\/users\/1415"}],"replies":[{"embeddable":true,"href":"https:\/\/institutoemignone-bue.infd.edu.ar\/sitio\/wp-json\/wp\/v2\/comments?post=2261"}],"version-history":[{"count":4,"href":"https:\/\/institutoemignone-bue.infd.edu.ar\/sitio\/wp-json\/wp\/v2\/posts\/2261\/revisions"}],"predecessor-version":[{"id":2270,"href":"https:\/\/institutoemignone-bue.infd.edu.ar\/sitio\/wp-json\/wp\/v2\/posts\/2261\/revisions\/2270"}],"wp:attachment":[{"href":"https:\/\/institutoemignone-bue.infd.edu.ar\/sitio\/wp-json\/wp\/v2\/media?parent=2261"}],"wp:term":[{"taxonomy":"category","embeddable":true,"href":"https:\/\/institutoemignone-bue.infd.edu.ar\/sitio\/wp-json\/wp\/v2\/categories?post=2261"},{"taxonomy":"post_tag","embeddable":true,"href":"https:\/\/institutoemignone-bue.infd.edu.ar\/sitio\/wp-json\/wp\/v2\/tags?post=2261"}],"curies":[{"name":"wp","href":"https:\/\/api.w.org\/{rel}","templated":true}]}}