{"id":2149,"date":"2024-10-18T11:38:50","date_gmt":"2024-10-18T14:38:50","guid":{"rendered":"https:\/\/institutoemignone-bue.infd.edu.ar\/sitio\/?p=2149"},"modified":"2024-10-18T12:11:27","modified_gmt":"2024-10-18T15:11:27","slug":"llamado-a-concurso-de-practica-profesionalizante-ii-de-la-tecnicatura-superior-en-servicios-gastronomicos","status":"publish","type":"post","link":"https:\/\/institutoemignone-bue.infd.edu.ar\/sitio\/llamado-a-concurso-de-practica-profesionalizante-ii-de-la-tecnicatura-superior-en-servicios-gastronomicos\/","title":{"rendered":"Llamado a concurso de Pr\u00e1ctica Profesionalizantes II de la Tecnicatura Superior en Servicios Gastron\u00f3micos"},"content":{"rendered":"\n<p>ANEXO \u00daNICO \u2013 Expediente N\u00b0 EX-2024-00137715 -MUNILUJAN-SJG <\/p>\n\n\n\n<p>BASES DEL CONCURSO DE ANTECEDENTES, PRESENTACI\u00d3N DE PROYECTOS Y OPOSICI\u00d3N<\/p>\n\n\n\n<p> INSTITUTO MUNICIPAL SUPERIOR DE EDUCACION Y TECNOLOGIA \u201cDR. EMILIO F. MIGNONE\u201d DIPREGEP 2457. <\/p>\n\n\n\n<p>I. ASIGNATURAS A CUBRIR \u2013 CARRERA: \u201cTECNICO SUPERIOR EN SERVICIOS GASTRON\u00d3MICOS\u201d: \u2022 Pr\u00e1cticas Profesionalizantes II \u2013 2do a\u00f1o, 4,5 horas c\u00e1tedra \u2013 D\u00edas Mi\u00e9rcoles de 18:00 a 21:00 hs y eventual disponibilidad horaria. Requisitos generales de los aspirantes: <\/p>\n\n\n\n<p>\u2022 El aspirante al cargo que se concursa, debe acreditar la idoneidad para el cargo a cubrir. <\/p>\n\n\n\n<p>\u2022 No poseer antecedentes penales. <\/p>\n\n\n\n<p>\u2022 Ser ciudadano argentino o naturalizado. <\/p>\n\n\n\n<p>\u2022 No poseer incompatibilidad horaria para ocupar el cargo. <\/p>\n\n\n\n<p>II. PERFIL DE LOS POSTULANTES <\/p>\n\n\n\n<p>Chef profesional, Pastelero profesional, Analista en Servicios Gastron\u00f3micos, Licenciado en Administraci\u00f3n de Empresas Gastron\u00f3micas, Tecnicatura Superior en Servicios Gastron\u00f3micos. Todas estas formaciones con t\u00edtulo habilitante docente. <\/p>\n\n\n\n<p>I. DOCUMENTACION REQUERIDA<\/p>\n\n\n\n<p>1 \u2022 Copia legible de Documento Nacional de Identidad (frente y dorso). <\/p>\n\n\n\n<p>\u2022 Presentaci\u00f3n de t\u00edtulos y\/o certificaciones que acrediten idoneidad en la materia. <\/p>\n\n\n\n<p>\u2022 Certificaci\u00f3n o inscripci\u00f3n al tramo de formaci\u00f3n docente. \u2022 Curr\u00edculo Vitae. <\/p>\n\n\n\n<p>\u2022 Certificaci\u00f3n negativa de ANSeS <\/p>\n\n\n\n<p>\u2022 Constancia de CUIL <\/p>\n\n\n\n<p>\u2022 Certificaci\u00f3n de antecedentes penales. <\/p>\n\n\n\n<p>\u2022 Declaraci\u00f3n Jurada de Incompatibilidad horaria. <\/p>\n\n\n\n<p>\u2022 Publicaci\u00f3n y difusi\u00f3n del Decreto de Convocatoria a Concurso P\u00fablico y Abierto de presentaci\u00f3n de Proyectos: p\u00e1gina web del Municipio2 y cartelera del IMSET: dentro de los 3 (tres) d\u00edas posteriores al dictado del Decreto que corresponde al 16\/10\/2024.  <\/p>\n\n\n\n<p>\u2022 Fecha de inscripci\u00f3n: una vez finalizada la publicaci\u00f3n, en la plataforma web: www.empleo.lujan.gob.ar, de manera paralela se debe remitir a la direcci\u00f3n de correo electr\u00f3nico: concursosimset@lujan.gob.ar, la documentaci\u00f3n respaldatoria solicitada como \u201cDocumentaci\u00f3n requerida\u201d (ver ac\u00e1pite III). 1Remitir al correo: concursosimset@lujan.gob.ar 2www.empleo.lujan.gob.ar <\/p>\n\n\n\n<p>\u2022 Verificaci\u00f3n de documentaci\u00f3n de n\u00f3mina de inscriptos: se realizar\u00e1 en la semana posterior a la etapa de inscripci\u00f3n y se notificar\u00e1 mediante la direcci\u00f3n de correo electr\u00f3nico concursosimset@lujan.gob.ar a quienes est\u00e1n en condiciones de enviar el proyecto correspondiente. <\/p>\n\n\n\n<p>\u2022 Entrevistas: se realizar\u00e1n luego de la revisi\u00f3n de los proyectos y antecedentes acad\u00e9micos, a quienes superen ambas instancias, y se los convocar\u00e1 mediante la direcci\u00f3n de correo electr\u00f3nico concursosimset@lujan.gob.ar. <\/p>\n\n\n\n<p>\u2022 Publicaci\u00f3n de listado definitivo de acreedores de los cargos, posterior a la evaluaci\u00f3n y puntuaci\u00f3n de las 3 etapas concursales (inscripci\u00f3n y entrega de documentaci\u00f3n, proyecto, y entrevista personal), a quienes resulten 1\u00b0 en el orden de m\u00e9rito que se confeccione. <\/p>\n\n\n\n<p>\u2022 Es menester que los aspirantes obtengan en cada etapa, una nota igual o superior a siete (7). Caso contrario, quedar\u00e1n excluidos del Concurso<\/p>\n\n\n\n<p><\/p>\n","protected":false},"excerpt":{"rendered":"<p>ANEXO \u00daNICO \u2013 Expediente N\u00b0 EX-2024-00137715 -MUNILUJAN-SJG BASES DEL CONCURSO DE ANTECEDENTES, PRESENTACI\u00d3N DE PROYECTOS Y OPOSICI\u00d3N INSTITUTO MUNICIPAL SUPERIOR DE EDUCACION Y TECNOLOGIA \u201cDR. EMILIO F. MIGNONE\u201d DIPREGEP 2457. I. ASIGNATURAS A CUBRIR \u2013 CARRERA: \u201cTECNICO SUPERIOR EN SERVICIOS GASTRON\u00d3MICOS\u201d: \u2022 Pr\u00e1cticas Profesionalizantes II \u2013 2do a\u00f1o, 4,5 horas c\u00e1tedra \u2013 D\u00edas Mi\u00e9rcoles de &#8230; <a title=\"Llamado a concurso de Pr\u00e1ctica Profesionalizantes II de la Tecnicatura Superior en Servicios Gastron\u00f3micos\" class=\"read-more\" href=\"https:\/\/institutoemignone-bue.infd.edu.ar\/sitio\/llamado-a-concurso-de-practica-profesionalizante-ii-de-la-tecnicatura-superior-en-servicios-gastronomicos\/\" aria-label=\"More on Llamado a concurso de Pr\u00e1ctica Profesionalizantes II de la Tecnicatura Superior en Servicios Gastron\u00f3micos\">[+]<\/a><\/p>\n","protected":false},"author":1415,"featured_media":0,"comment_status":"closed","ping_status":"closed","sticky":false,"template":"","format":"standard","meta":[],"categories":[7,6],"tags":[33,16,34,48],"acf":[],"_links":{"self":[{"href":"https:\/\/institutoemignone-bue.infd.edu.ar\/sitio\/wp-json\/wp\/v2\/posts\/2149"}],"collection":[{"href":"https:\/\/institutoemignone-bue.infd.edu.ar\/sitio\/wp-json\/wp\/v2\/posts"}],"about":[{"href":"https:\/\/institutoemignone-bue.infd.edu.ar\/sitio\/wp-json\/wp\/v2\/types\/post"}],"author":[{"embeddable":true,"href":"https:\/\/institutoemignone-bue.infd.edu.ar\/sitio\/wp-json\/wp\/v2\/users\/1415"}],"replies":[{"embeddable":true,"href":"https:\/\/institutoemignone-bue.infd.edu.ar\/sitio\/wp-json\/wp\/v2\/comments?post=2149"}],"version-history":[{"count":3,"href":"https:\/\/institutoemignone-bue.infd.edu.ar\/sitio\/wp-json\/wp\/v2\/posts\/2149\/revisions"}],"predecessor-version":[{"id":2153,"href":"https:\/\/institutoemignone-bue.infd.edu.ar\/sitio\/wp-json\/wp\/v2\/posts\/2149\/revisions\/2153"}],"wp:attachment":[{"href":"https:\/\/institutoemignone-bue.infd.edu.ar\/sitio\/wp-json\/wp\/v2\/media?parent=2149"}],"wp:term":[{"taxonomy":"category","embeddable":true,"href":"https:\/\/institutoemignone-bue.infd.edu.ar\/sitio\/wp-json\/wp\/v2\/categories?post=2149"},{"taxonomy":"post_tag","embeddable":true,"href":"https:\/\/institutoemignone-bue.infd.edu.ar\/sitio\/wp-json\/wp\/v2\/tags?post=2149"}],"curies":[{"name":"wp","href":"https:\/\/api.w.org\/{rel}","templated":true}]}}