{"id":2133,"date":"2024-09-02T20:28:40","date_gmt":"2024-09-02T23:28:40","guid":{"rendered":"https:\/\/institutoemignone-bue.infd.edu.ar\/sitio\/?p=2133"},"modified":"2024-09-02T20:32:57","modified_gmt":"2024-09-02T23:32:57","slug":"llamado-a-concurso-asignatura-de-bibliotecologia-descripcion-documental","status":"publish","type":"post","link":"https:\/\/institutoemignone-bue.infd.edu.ar\/sitio\/llamado-a-concurso-asignatura-de-bibliotecologia-descripcion-documental\/","title":{"rendered":"Llamado a Concurso asignatura de Bibliotecolog\u00eda &#8211; Descripci\u00f3n Documental"},"content":{"rendered":"\n<p>Se abre la convocatoria a cobertura de cargos docentes de car\u00e1cter titular de D.I.E.G.E.P para la Tecnicatura Superior en Bibliotecolog\u00eda, en la asignatura que se detallada m\u00e1s abajo.<\/p>\n\n\n\n<p>Quienes deseen postularse, enviar un mail con el siguiente <strong>asunto:<\/strong> CONVOCATORIA DOCENTE BIBLIO DOCUMENTACI\u00d3N, <strong>a<\/strong> la siguiente <strong>direcci\u00f3n de email:<\/strong> <strong>inscripcionmignone@gmail.com<\/strong>&nbsp; <strong>adjuntando<\/strong> toda la documentaci\u00f3n requerida <strong>en un archivo PDF \u00f3 JPG <\/strong>o de ser muy pesado, por enlace de Google Drive.<\/p>\n\n\n\n<p>Si la documentaci\u00f3n resultase completa y habilitante para el o los espacios curriculares por los que concursa ser\u00e1 notificado y deber\u00e1 presentar una<strong> PROPUESTA PEDAG\u00d3GICA<\/strong>. Si la misma cumple con los requisitos m\u00ednimos solicitados, accede a una <strong>entrevista con la presentaci\u00f3n de dicha propuesta y defensa de la misma <\/strong>con fecha a confirmar.<\/p>\n\n\n\n<ul>\n<li><strong>DIFUSI\u00d3N: del 2 al 6 de Septiembre de 2024<\/strong><\/li>\n\n\n\n<li><strong>FECHA L\u00cdMITE de ENTREGA de DOCUMENTACI\u00d3N V\u00cdA MAIL: 9 de Septiembre de 2024 \u2013 23 hs.<\/strong><\/li>\n\n\n\n<li><strong>NOTIFICACI\u00d3N SOBRE EL RESULTADO: 12 de septiembre de 2024.<\/strong><\/li>\n\n\n\n<li><strong>ENTREGA DE LA PROPUESTA PEDAG\u00d3GICA (s\u00f3lo los que quedaron seleccionados): hasta el 16 de septiembre a las 23:00 hs.<\/strong><\/li>\n\n\n\n<li><strong>FECHA DE ENTREVISTA: a confirmar con los postulantes seleccionados.<\/strong><\/li>\n<\/ul>\n\n\n\n<h2 class=\"wp-block-heading\"><strong>TECNICATURA SUPERIOR EN BIBLIOTECOLOG\u00cdA&nbsp;<\/strong><\/h2>\n\n\n\n<ol>\n<li><strong>Espacio Curricular: DESCRIPCI\u00d3N DOCUMENTAL I.&nbsp; 1\u00b0 a\u00f1o.<\/strong><\/li>\n<\/ol>\n\n\n\n<ul>\n<li><strong>Car\u00e1cter Titular<\/strong><\/li>\n\n\n\n<li><strong>Carga horaria:<\/strong> 4.5&nbsp; horas c\u00e1tedras.&nbsp;<\/li>\n\n\n\n<li><strong>D\u00eda y horario<\/strong>: Martes 19.30 a 21.30&nbsp;<\/li>\n<\/ul>\n\n\n\n<p><strong>Requisitos:<\/strong><\/p>\n\n\n\n<ul>\n<li>Profesor en Bibliotecolog\u00eda. Lic. en Bibliotecolog\u00eda, Documentaci\u00f3n y\/o Cs. de la Informaci\u00f3n. Bibliotec\u00f3logo\/a. Bibliotecario\/a Nacional. Bibliotecario profesional. Bibliotecario\/a. Tec. Sup. en Bibliotecolog\u00eda u otro graduado de nivel Superior que posea formaci\u00f3n espec\u00edfica en los contenidos del espacio curricular a concursar, con trayectoria en el campo de conocimiento y formaci\u00f3n pedag\u00f3gica que califique en su ingreso y promoci\u00f3n en la carrera docente. De no ser profesor deber\u00e1 contar con el trayecto formativo docente correspondiente (habilitante para el Nivel Superior). <\/li>\n\n\n\n<li>Experiencia comprobable docente y en el \u00e1mbito profesional a concursar.<\/li>\n\n\n\n<li>Contar con cursos y\/o capacitaciones, actualizaciones, realizadas en los \u00faltimos 5 a\u00f1os.<\/li>\n<\/ul>\n\n\n\n<h2 class=\"wp-block-heading\"><strong>DOCUMENTACI\u00d3N A ENTREGAR:<\/strong><\/h2>\n\n\n\n<ul>\n<li><strong>DNI<\/strong><\/li>\n\n\n\n<li><strong>Constancia CUIL\/CUIT<\/strong><\/li>\n\n\n\n<li><strong>T\u00edtulo de la especialidad y de ser necesario el habilitante docente<\/strong><\/li>\n\n\n\n<li><strong>Curriculum Vitae (en el cual debe constar entre otros: t\u00edtulos, cursos y capacitaciones dictadas y realizadas, publicaciones, experiencia docente y profesional comprobable, entre otros)<\/strong><\/li>\n\n\n\n<li><strong>Presentaci\u00f3n de la declaraci\u00f3n jurada de cargos del \u00e1mbito estatal y privado. Se tendr\u00e1 en cuenta el r\u00e9gimen de incompatibilidades del Estatuto Docente ART\u00cdCULO 28\u00b0.<\/strong><\/li>\n\n\n\n<li><strong>No recibir alg\u00fan beneficio jubilatorio.<\/strong><\/li>\n\n\n\n<li><strong>Si pasa la entrega de documentaci\u00f3n deber\u00e1 entregar la Propuesta pedag\u00f3gica enmarcada en el Dise\u00f1o Curricular de la Carrera con el desarrollo de los contenidos m\u00ednimos que all\u00ed se establecen. DISE\u00d1O CURRICULAR DE BIBLIOTECOLOG\u00cdA. \u2192 <\/strong><a href=\"https:\/\/abc.gob.ar\/secretarias\/sites\/default\/files\/2023-12\/TS%20en%20Bibliotecologia%20-%20Res.%205497-23%20y%20Anexo.pdf\"><strong>ENLACE&nbsp;<\/strong><\/a><\/li>\n<\/ul>\n\n\n\n<h2 class=\"wp-block-heading\"><strong>Elementos m\u00ednimos de la PROPUESTA PEDAG\u00d3GICA A PRESENTAR:<\/strong><\/h2>\n\n\n\n<ul>\n<li><strong>Nombre del espacio curricular<\/strong><\/li>\n\n\n\n<li><strong>Fundamentaci\u00f3n (Justificaci\u00f3n de la propuesta a la luz de los marcos te\u00f3ricos pertinentes y dise\u00f1o curricular del . Dise\u00f1o Curricular Tecnicatura Superior en Bibliotecolog\u00eda.&nbsp;&nbsp;<\/strong><\/li>\n\n\n\n<li><strong>Expectativas de logro<\/strong><\/li>\n\n\n\n<li><strong>Prop\u00f3sitos del docente<\/strong><\/li>\n\n\n\n<li><strong>Encuadre metodol\u00f3gico<\/strong><\/li>\n\n\n\n<li><strong>Recursos&nbsp;<\/strong><\/li>\n\n\n\n<li><strong>Contenidos<\/strong><\/li>\n\n\n\n<li><strong>Material bibliogr\u00e1fico<\/strong><\/li>\n\n\n\n<li><strong>Presupuesto de tiempo<\/strong><\/li>\n\n\n\n<li><strong>Articulaci\u00f3n con el espacio de la pr\u00e1ctica docente<\/strong><\/li>\n\n\n\n<li><strong>Evaluaci\u00f3n<\/strong><\/li>\n<\/ul>\n","protected":false},"excerpt":{"rendered":"<p>Se abre la convocatoria a cobertura de cargos docentes de car\u00e1cter titular de D.I.E.G.E.P para la Tecnicatura Superior en Bibliotecolog\u00eda, en la asignatura que se detallada m\u00e1s abajo. Quienes deseen postularse, enviar un mail con el siguiente asunto: CONVOCATORIA DOCENTE BIBLIO DOCUMENTACI\u00d3N, a la siguiente direcci\u00f3n de email: inscripcionmignone@gmail.com&nbsp; adjuntando toda la documentaci\u00f3n requerida en &#8230; <a title=\"Llamado a Concurso asignatura de Bibliotecolog\u00eda &#8211; Descripci\u00f3n Documental\" class=\"read-more\" href=\"https:\/\/institutoemignone-bue.infd.edu.ar\/sitio\/llamado-a-concurso-asignatura-de-bibliotecologia-descripcion-documental\/\" aria-label=\"More on Llamado a Concurso asignatura de Bibliotecolog\u00eda &#8211; Descripci\u00f3n Documental\">[+]<\/a><\/p>\n","protected":false},"author":1415,"featured_media":0,"comment_status":"open","ping_status":"open","sticky":false,"template":"","format":"standard","meta":[],"categories":[50,7,6],"tags":[],"acf":[],"_links":{"self":[{"href":"https:\/\/institutoemignone-bue.infd.edu.ar\/sitio\/wp-json\/wp\/v2\/posts\/2133"}],"collection":[{"href":"https:\/\/institutoemignone-bue.infd.edu.ar\/sitio\/wp-json\/wp\/v2\/posts"}],"about":[{"href":"https:\/\/institutoemignone-bue.infd.edu.ar\/sitio\/wp-json\/wp\/v2\/types\/post"}],"author":[{"embeddable":true,"href":"https:\/\/institutoemignone-bue.infd.edu.ar\/sitio\/wp-json\/wp\/v2\/users\/1415"}],"replies":[{"embeddable":true,"href":"https:\/\/institutoemignone-bue.infd.edu.ar\/sitio\/wp-json\/wp\/v2\/comments?post=2133"}],"version-history":[{"count":2,"href":"https:\/\/institutoemignone-bue.infd.edu.ar\/sitio\/wp-json\/wp\/v2\/posts\/2133\/revisions"}],"predecessor-version":[{"id":2136,"href":"https:\/\/institutoemignone-bue.infd.edu.ar\/sitio\/wp-json\/wp\/v2\/posts\/2133\/revisions\/2136"}],"wp:attachment":[{"href":"https:\/\/institutoemignone-bue.infd.edu.ar\/sitio\/wp-json\/wp\/v2\/media?parent=2133"}],"wp:term":[{"taxonomy":"category","embeddable":true,"href":"https:\/\/institutoemignone-bue.infd.edu.ar\/sitio\/wp-json\/wp\/v2\/categories?post=2133"},{"taxonomy":"post_tag","embeddable":true,"href":"https:\/\/institutoemignone-bue.infd.edu.ar\/sitio\/wp-json\/wp\/v2\/tags?post=2133"}],"curies":[{"name":"wp","href":"https:\/\/api.w.org\/{rel}","templated":true}]}}