{"id":2072,"date":"2024-05-03T10:25:15","date_gmt":"2024-05-03T13:25:15","guid":{"rendered":"https:\/\/institutoemignone-bue.infd.edu.ar\/sitio\/?p=2072"},"modified":"2024-05-03T10:25:16","modified_gmt":"2024-05-03T13:25:16","slug":"convocatoria-a-cobertura-de-horas-del-profesorado-de-educacion-fisica-2024","status":"publish","type":"post","link":"https:\/\/institutoemignone-bue.infd.edu.ar\/sitio\/convocatoria-a-cobertura-de-horas-del-profesorado-de-educacion-fisica-2024\/","title":{"rendered":"Convocatoria a cobertura de horas del Profesorado de Educaci\u00f3n F\u00edsica 2024"},"content":{"rendered":"\n<h1 class=\"wp-block-heading\"><\/h1>\n\n\n\n<p>Se abre la convocatoria a cobertura de cargos docentes de car\u00e1cter titular de D.I.E.G.E.P para el Profesorado en Educaci\u00f3n F\u00edsica plan 2432\/09 del Instituto Mignone, en las asignaturas que m\u00e1s abajo se detallan.<\/p>\n\n\n\n<p>Quienes deseen postularse, enviar un mail con el siguiente <strong>asunto:<\/strong> CONVOCATORIA DOCENTE PEF DOCUMENTACI\u00d3N, <strong>a<\/strong> la siguiente <strong>direcci\u00f3n de email:<\/strong> <a href=\"mailto:inscripcionmignone@gmail.com\"><strong>inscripcionmignone@gmail.com<\/strong><\/a>&nbsp; <strong>adjuntando<\/strong> toda la documentaci\u00f3n requerida <strong>en un archivo PDF \u00f3 JPG <\/strong>o de ser muy pesado, por enlace de Google Drive.<\/p>\n\n\n\n<p>Si la documentaci\u00f3n resultase completa y habilitante para el o los espacios curriculares por los que concursa deber\u00e1 presentar una<strong> PROPUESTA PEDAG\u00d3GICA<\/strong>. Si la misma cumple con los requisitos m\u00ednimos solicitados, accede a una <strong>entrevista con la presentaci\u00f3n de dicha propuesta y defensa de la misma <\/strong>con fecha a confirmar.<\/p>\n\n\n\n<ul>\n<li><strong>DIFUSI\u00d3N: del 3 al 8 de mayo de 2024<\/strong><\/li>\n\n\n\n<li><strong>FECHA L\u00cdMITE DE ENTREGA de DOCUMENTACI\u00d3N V\u00cdA MAIL:&nbsp; 10 de mayo de 2024 &#8211; 23 hs.<\/strong><\/li>\n\n\n\n<li><strong>RESULTADO ENTREGA DOCUMENTACI\u00d3N A LOS INSCRIPTOS: del 15 al 18 de mayo de 2024.&nbsp;<\/strong><\/li>\n\n\n\n<li><strong>ENTREGA DE LA PROPUESTA PEDAG\u00d3GICA (s\u00f3lo los que quedaron seleccionados): hasta el 20 al 23 de mayo de 2024 a las 23:00 hs.&nbsp;<\/strong><\/li>\n\n\n\n<li><strong>FECHA DE ENTREVISTA: a confirmar con los postulantes seleccionados.<\/strong><\/li>\n<\/ul>\n\n\n\n<h2 class=\"wp-block-heading\"><strong>PROFESORADO DE EDUCACI\u00d3N F\u00cdSICA<\/strong><\/h2>\n\n\n\n<ol>\n<li><strong>Espacio Curricular: PSICOLOG\u00cdA&nbsp; DEL DESARROLLO Y EL APRENDIZAJE I.&nbsp; 1\u00b0 a\u00f1o.<\/strong><\/li>\n<\/ol>\n\n\n\n<ul>\n<li><strong>Car\u00e1cter Titular<\/strong><\/li>\n\n\n\n<li><strong>Perfil<\/strong>: Lic. y\/o Profesor en Psicolog\u00eda \/ Psicopedagog\u00eda. Lic. y\/o Profesor\/a en Ciencias de la Educaci\u00f3n. De no ser profesor deber\u00e1 contar con el trayecto formativo docente correspondiente.<\/li>\n\n\n\n<li><strong>Carga horaria:<\/strong> 3 hc. (2 horas reloj)<\/li>\n\n\n\n<li>D\u00eda y horario: viernes de 15&nbsp; a 17 hs.<\/li>\n<\/ul>\n\n\n\n<ol start=\"2\">\n<li><strong>Espacio Curricular: PSICOLOG\u00cdA DEL DESARROLLO Y EL APRENDIZAJE II. 2\u00b0 a\u00f1o.<\/strong><\/li>\n<\/ol>\n\n\n\n<ul>\n<li><strong>Car\u00e1cter Titular<\/strong><\/li>\n\n\n\n<li><strong>Perfil<\/strong>: Lic. y\/o Profesor en Psicolog\u00eda \/ Psicopedagog\u00eda. Lic. y\/o Profesor\/a en Ciencias de la Educaci\u00f3n. De no ser profesor deber\u00e1 contar con el trayecto formativo docente correspondiente.<\/li>\n\n\n\n<li><strong>Carga horaria:<\/strong> 3 hc. (2 horas reloj)<\/li>\n\n\n\n<li>D\u00eda y horario: lunes de 17&nbsp; a 19 hs.&nbsp;<\/li>\n<\/ul>\n\n\n\n<h2 class=\"wp-block-heading\"><strong>DOCUMENTACI\u00d3N A ENTREGAR<\/strong><strong>:<\/strong><\/h2>\n\n\n\n<ul>\n<li><strong>DNI<\/strong><\/li>\n\n\n\n<li><strong>Constancia CUIL\/CUIT<\/strong><\/li>\n\n\n\n<li><strong>T\u00edtulo de la especialidad y habilitante docente<\/strong><\/li>\n\n\n\n<li><strong>Curriculum Vitae (en el cual debe constar entre otros: t\u00edtulos, cursos y capacitaciones dictadas y realizadas, publicaciones, experiencia docente y profesional comprobable, entre otros)<\/strong><\/li>\n\n\n\n<li><strong>Presentaci\u00f3n de la declaraci\u00f3n jurada de cargos del \u00e1mbito estatal y privado. Se tendr\u00e1 en cuenta el r\u00e9gimen de incompatibilidades del Estatuto Docente ART\u00cdCULO 28\u00b0.<\/strong><\/li>\n\n\n\n<li><strong>No recibir alg\u00fan beneficio jubilatorio.<\/strong><\/li>\n\n\n\n<li><strong>Cursos y capacitaci\u00f3n que manifiesten que no sean de m\u00e1s de 5 a\u00f1os de actualizaci\u00f3n.<\/strong><\/li>\n\n\n\n<li><strong>Propuesta pedag\u00f3gica enmarcada en el Dise\u00f1o Curricular de la Carrera con el desarrollo de los contenidos m\u00ednimos que all\u00ed se establecen:<\/strong><\/li>\n<\/ul>\n\n\n\n<h2 class=\"wp-block-heading\"><strong>Elementos m\u00ednimos de la PROPUESTA PEDAG\u00d3GICA A PRESENTAR:<\/strong><\/h2>\n\n\n\n<ul>\n<li><strong>Nombre del espacio curricular<\/strong><\/li>\n\n\n\n<li><strong>Fundamentaci\u00f3n (Justificaci\u00f3n de la propuesta a la luz de los marcos te\u00f3ricos pertinentes y dise\u00f1o curricular del . <\/strong><a href=\"https:\/\/drive.google.com\/file\/d\/0B9-l02IFqJANU0xORWstSUR2ckk\/view?resourcekey=0-OfUDKwtSv786TSK7_cT05Q\"><strong>Profesorado de Educaci\u00f3n F\u00edsica RESOLUCI\u00d3N N\u00ba 2432\/09<\/strong><\/a><strong>&nbsp;&nbsp;<\/strong><\/li>\n\n\n\n<li><strong>Expectativas de logro<\/strong><\/li>\n\n\n\n<li><strong>Prop\u00f3sitos del docente<\/strong><\/li>\n\n\n\n<li><strong>Contenidos y encuadre metodol\u00f3gico<\/strong><\/li>\n\n\n\n<li><strong>Presupuesto de tiempo<\/strong><\/li>\n\n\n\n<li><strong>Recursos&nbsp;<\/strong><\/li>\n\n\n\n<li><strong>Material bibliogr\u00e1fico<\/strong><\/li>\n\n\n\n<li><strong>Articulaci\u00f3n con el espacio de la pr\u00e1ctica docente<\/strong><\/li>\n\n\n\n<li><strong>Evaluaci\u00f3n<\/strong><\/li>\n<\/ul>\n\n\n\n<h2 class=\"wp-block-heading\"><strong>Material y bibliograf\u00eda de referencia sugerida para el concurso y armado del proyecto<\/strong><\/h2>\n\n\n\n<p><strong>ENLACE \u2192<\/strong><a href=\"https:\/\/drive.google.com\/file\/d\/1HcBZR5GU523C9nAGqcU4lNuazWra5KcM\/view?usp=sharing\"><strong>https:\/\/drive.google.com\/file\/d\/1HcBZR5GU523C9nAGqcU4lNuazWra5KcM\/view?usp=sharing<\/strong><\/a><\/p>\n","protected":false},"excerpt":{"rendered":"<p>Se abre la convocatoria a cobertura de cargos docentes de car\u00e1cter titular de D.I.E.G.E.P para el Profesorado en Educaci\u00f3n F\u00edsica plan 2432\/09 del Instituto Mignone, en las asignaturas que m\u00e1s abajo se detallan. Quienes deseen postularse, enviar un mail con el siguiente asunto: CONVOCATORIA DOCENTE PEF DOCUMENTACI\u00d3N, a la siguiente direcci\u00f3n de email: inscripcionmignone@gmail.com&nbsp; adjuntando &#8230; <a title=\"Convocatoria a cobertura de horas del Profesorado de Educaci\u00f3n F\u00edsica 2024\" class=\"read-more\" href=\"https:\/\/institutoemignone-bue.infd.edu.ar\/sitio\/convocatoria-a-cobertura-de-horas-del-profesorado-de-educacion-fisica-2024\/\" aria-label=\"More on Convocatoria a cobertura de horas del Profesorado de Educaci\u00f3n F\u00edsica 2024\">[+]<\/a><\/p>\n","protected":false},"author":1415,"featured_media":0,"comment_status":"closed","ping_status":"open","sticky":false,"template":"","format":"standard","meta":[],"categories":[7,6],"tags":[33,16,28,36],"acf":[],"_links":{"self":[{"href":"https:\/\/institutoemignone-bue.infd.edu.ar\/sitio\/wp-json\/wp\/v2\/posts\/2072"}],"collection":[{"href":"https:\/\/institutoemignone-bue.infd.edu.ar\/sitio\/wp-json\/wp\/v2\/posts"}],"about":[{"href":"https:\/\/institutoemignone-bue.infd.edu.ar\/sitio\/wp-json\/wp\/v2\/types\/post"}],"author":[{"embeddable":true,"href":"https:\/\/institutoemignone-bue.infd.edu.ar\/sitio\/wp-json\/wp\/v2\/users\/1415"}],"replies":[{"embeddable":true,"href":"https:\/\/institutoemignone-bue.infd.edu.ar\/sitio\/wp-json\/wp\/v2\/comments?post=2072"}],"version-history":[{"count":1,"href":"https:\/\/institutoemignone-bue.infd.edu.ar\/sitio\/wp-json\/wp\/v2\/posts\/2072\/revisions"}],"predecessor-version":[{"id":2073,"href":"https:\/\/institutoemignone-bue.infd.edu.ar\/sitio\/wp-json\/wp\/v2\/posts\/2072\/revisions\/2073"}],"wp:attachment":[{"href":"https:\/\/institutoemignone-bue.infd.edu.ar\/sitio\/wp-json\/wp\/v2\/media?parent=2072"}],"wp:term":[{"taxonomy":"category","embeddable":true,"href":"https:\/\/institutoemignone-bue.infd.edu.ar\/sitio\/wp-json\/wp\/v2\/categories?post=2072"},{"taxonomy":"post_tag","embeddable":true,"href":"https:\/\/institutoemignone-bue.infd.edu.ar\/sitio\/wp-json\/wp\/v2\/tags?post=2072"}],"curies":[{"name":"wp","href":"https:\/\/api.w.org\/{rel}","templated":true}]}}