{"id":2067,"date":"2024-04-25T19:40:18","date_gmt":"2024-04-25T22:40:18","guid":{"rendered":"https:\/\/institutoemignone-bue.infd.edu.ar\/sitio\/?p=2067"},"modified":"2024-04-25T22:30:49","modified_gmt":"2024-04-26T01:30:49","slug":"el-instituto-mignone-convoca-a-sumarse-a-su-asociacion-de-amigos","status":"publish","type":"post","link":"https:\/\/institutoemignone-bue.infd.edu.ar\/sitio\/el-instituto-mignone-convoca-a-sumarse-a-su-asociacion-de-amigos\/","title":{"rendered":"El Instituto Mignone convoca a sumarse a su Asociaci\u00f3n de Amigos"},"content":{"rendered":"\n<p><strong>El Municipio de Luj\u00e1n invita a la comunidad a participar de la Asociaci\u00f3n de Amigos del Instituto Municipal Superior de Educaci\u00f3n T\u00e9cnica \u201cEmilio Ferm\u00edn Mignone\u201d (IMSETEM), con el objetivo de colaborar con el fortalecimiento de la instituci\u00f3n educativa.&nbsp;&nbsp;<\/strong><\/p>\n\n\n\n<p>La Asociaci\u00f3n de Amigos buscar\u00e1 generar actividades que promuevan una relaci\u00f3n m\u00e1s estrecha entre el Instituto y la comunidad, visibilizando sus proyectos educativos e impulsando propuestas que permitan recaudar fondos para acompa\u00f1ar el crecimiento en materia de infraestructura, equipamiento e insumos.&nbsp;<\/p>\n\n\n\n<p>La convocatoria est\u00e1 abierta a todos los y las lujanenses mayores de 18 de a\u00f1os que deseen colaborar con el IMSETEM, quienes deber\u00e1n ponerse en contacto a trav\u00e9s del siguiente correo electr\u00f3nico:&nbsp;<a href=\"mailto:asociacionamigosmignone@gmail.com\" target=\"_blank\" rel=\"noreferrer noopener\">asociacionamigosmignone@gmail.com<\/a>.<\/p>\n","protected":false},"excerpt":{"rendered":"<p>El Municipio de Luj\u00e1n invita a la comunidad a participar de la Asociaci\u00f3n de Amigos del Instituto Municipal Superior de Educaci\u00f3n T\u00e9cnica \u201cEmilio Ferm\u00edn Mignone\u201d (IMSETEM), con el objetivo de colaborar con el fortalecimiento de la instituci\u00f3n educativa.&nbsp;&nbsp; La Asociaci\u00f3n de Amigos buscar\u00e1 generar actividades que promuevan una relaci\u00f3n m\u00e1s estrecha entre el Instituto y &#8230; <a title=\"El Instituto Mignone convoca a sumarse a su Asociaci\u00f3n de Amigos\" class=\"read-more\" href=\"https:\/\/institutoemignone-bue.infd.edu.ar\/sitio\/el-instituto-mignone-convoca-a-sumarse-a-su-asociacion-de-amigos\/\" aria-label=\"More on El Instituto Mignone convoca a sumarse a su Asociaci\u00f3n de Amigos\">[+]<\/a><\/p>\n","protected":false},"author":1415,"featured_media":0,"comment_status":"open","ping_status":"open","sticky":false,"template":"","format":"standard","meta":[],"categories":[1],"tags":[],"acf":[],"_links":{"self":[{"href":"https:\/\/institutoemignone-bue.infd.edu.ar\/sitio\/wp-json\/wp\/v2\/posts\/2067"}],"collection":[{"href":"https:\/\/institutoemignone-bue.infd.edu.ar\/sitio\/wp-json\/wp\/v2\/posts"}],"about":[{"href":"https:\/\/institutoemignone-bue.infd.edu.ar\/sitio\/wp-json\/wp\/v2\/types\/post"}],"author":[{"embeddable":true,"href":"https:\/\/institutoemignone-bue.infd.edu.ar\/sitio\/wp-json\/wp\/v2\/users\/1415"}],"replies":[{"embeddable":true,"href":"https:\/\/institutoemignone-bue.infd.edu.ar\/sitio\/wp-json\/wp\/v2\/comments?post=2067"}],"version-history":[{"count":2,"href":"https:\/\/institutoemignone-bue.infd.edu.ar\/sitio\/wp-json\/wp\/v2\/posts\/2067\/revisions"}],"predecessor-version":[{"id":2069,"href":"https:\/\/institutoemignone-bue.infd.edu.ar\/sitio\/wp-json\/wp\/v2\/posts\/2067\/revisions\/2069"}],"wp:attachment":[{"href":"https:\/\/institutoemignone-bue.infd.edu.ar\/sitio\/wp-json\/wp\/v2\/media?parent=2067"}],"wp:term":[{"taxonomy":"category","embeddable":true,"href":"https:\/\/institutoemignone-bue.infd.edu.ar\/sitio\/wp-json\/wp\/v2\/categories?post=2067"},{"taxonomy":"post_tag","embeddable":true,"href":"https:\/\/institutoemignone-bue.infd.edu.ar\/sitio\/wp-json\/wp\/v2\/tags?post=2067"}],"curies":[{"name":"wp","href":"https:\/\/api.w.org\/{rel}","templated":true}]}}