{"id":2051,"date":"2024-02-23T10:10:11","date_gmt":"2024-02-23T13:10:11","guid":{"rendered":"https:\/\/institutoemignone-bue.infd.edu.ar\/sitio\/?p=2051"},"modified":"2024-02-23T10:54:42","modified_gmt":"2024-02-23T13:54:42","slug":"inscripcion-a-mesas-de-examenes-marzo-2024-y-cronograma-de-horarios","status":"publish","type":"post","link":"https:\/\/institutoemignone-bue.infd.edu.ar\/sitio\/inscripcion-a-mesas-de-examenes-marzo-2024-y-cronograma-de-horarios\/","title":{"rendered":"Inscripci\u00f3n a mesas de ex\u00e1menes marzo 2024 y cronograma de horarios"},"content":{"rendered":"\n<p>A partir del<strong> d\u00eda de hoy y hasta el 28 de febrero <\/strong>podr\u00e1n realizar la<strong> inscripci\u00f3n a las mesas de <\/strong>ex\u00e1menes regulares y libres correspondientes al llamado de <strong>marzo 2024 <\/strong>para las asignaturas de las carreras del Profesorado de Educaci\u00f3n F\u00edsica, Tecnicaturas Superiores de Bibliotecolog\u00eda, Gesti\u00f3n Cultural, Dise\u00f1o y Producci\u00f3n de Indumentaria, Relaciones P\u00fablicas y Ceremonial y Servicios Gastron\u00f3micos.<\/p>\n\n\n\n<p><strong>ENLACES A LAS FECHAS Y HORARIOS DE MESAS DE EXAMEN POR CARRERA<\/strong><\/p>\n\n\n\n<ul>\n<li>\u2013&gt; <a href=\"https:\/\/drive.google.com\/drive\/folders\/115LFwkBWhwICatnwp6Yo_Dqaapfp1iQ5\">ENLACE<\/a><a href=\"https:\/\/drive.google.com\/drive\/folders\/15yHcA6rD7GBIkkgTaT5O45QmQDF5kzRj?usp=sharing\"> <\/a>&nbsp;&nbsp;<\/li>\n<\/ul>\n\n\n\n<p><strong>ENLACES A LAS PLANILLAS DE INSCRIPCI\u00d3N (hacer click en la carrera correspondiente)<\/strong><\/p>\n\n\n\n<ul>\n<li><a href=\"https:\/\/docs.google.com\/forms\/d\/e\/1FAIpQLSecrep5C2hcsbu8sD8_ZDPk8oqKVN56PT3QGSNvvn_ELgYR6A\/viewform\">Profesorado de Educaci\u00f3n F\u00edsica.<\/a><\/li>\n\n\n\n<li><a href=\"https:\/\/docs.google.com\/forms\/d\/e\/1FAIpQLSf5NyNZ4n-CxKOrEDkJAp54kVDuEnIb0V5sAT8LJZY_MvpdEw\/viewform\">Tecnicatura Superior en Bibliotecolog\u00eda<\/a>.<\/li>\n\n\n\n<li><a href=\"https:\/\/docs.google.com\/forms\/d\/1SQcg0fCE3p_Tv--88Iy0PH_yqeizxSCkriKcGmgK3ZA\/viewform?edit_requested=true\">Tecnicatura Superior en Dise\u00f1o de Indumentaria y Textil<\/a><\/li>\n\n\n\n<li><a href=\"https:\/\/docs.google.com\/forms\/d\/e\/1FAIpQLScsmQRFY190Hlancf-0YOjn8t1RYkMNEqgCUmCbFHPKkd_I_w\/viewform\">Tecnicatura Superior en Gesti\u00f3n Cultural<\/a>.<\/li>\n\n\n\n<li><a href=\"https:\/\/docs.google.com\/forms\/d\/e\/1FAIpQLSfMiJMPHENVbdrSR2AZHb576mxRI_f1dl1I3t4H1LlqxpKKRw\/viewform\">Tecnicatura Superior en Relaciones P\u00fablicas, Ceremonial y Protocolo<\/a>.<\/li>\n\n\n\n<li><a href=\"https:\/\/docs.google.com\/forms\/d\/e\/1FAIpQLSf0l4sC1UeyDvmr6Qd_5L0jQp4PpJWl3aPEdDvshfuvW8liag\/viewform\">Tecnicatura Superior en Servicios Gastron\u00f3micos<\/a>.<\/li>\n<\/ul>\n\n\n\n<p><strong>IMPORTANTE<\/strong>:<\/p>\n\n\n\n<ul>\n<li>Deber\u00e1n anotarse en<strong> todas <\/strong>las asignaturas que deseen rendir.<\/li>\n\n\n\n<li><strong>Cada estudiante ser\u00e1 responsable <\/strong>de inscribirse de acuerdo al <strong>r\u00e9gimen de correlatividades<\/strong> de su <strong>plan de estudios<\/strong> y al <strong>R\u00e9gimen Acad\u00e9mico<\/strong> (Resoluci\u00f3n 4043\/09).&nbsp;<\/li>\n<\/ul>\n\n\n\n<p>Se recuerda a aquellos estudiantes que deban rendir ex\u00e1menes<strong> finales de materias correlativas, solo pueden inscribirse en la primera. En caso de aprobar, el instituto permite que se inscriban ese mismo d\u00eda de manera presencial<\/strong> con su preceptora.<\/p>\n\n\n\n<ul>\n<li><strong>Ex\u00e1menes Libres (<\/strong>aplica solo para la cursada 2023) y es el \u00faltimo llamado. <strong>S\u00f3lo podr\u00e1n presentarse quienes hayan optado por esta modalidad en la inscripci\u00f3n anual a la cursada 2023.<\/strong><\/li>\n\n\n\n<li><strong>No se aceptar\u00e1n inscripciones fuera de fecha.<\/strong><\/li>\n<\/ul>\n","protected":false},"excerpt":{"rendered":"<p>A partir del d\u00eda de hoy y hasta el 28 de febrero podr\u00e1n realizar la inscripci\u00f3n a las mesas de ex\u00e1menes regulares y libres correspondientes al llamado de marzo 2024 para las asignaturas de las carreras del Profesorado de Educaci\u00f3n F\u00edsica, Tecnicaturas Superiores de Bibliotecolog\u00eda, Gesti\u00f3n Cultural, Dise\u00f1o y Producci\u00f3n de Indumentaria, Relaciones P\u00fablicas y &#8230; <a title=\"Inscripci\u00f3n a mesas de ex\u00e1menes marzo 2024 y cronograma de horarios\" class=\"read-more\" href=\"https:\/\/institutoemignone-bue.infd.edu.ar\/sitio\/inscripcion-a-mesas-de-examenes-marzo-2024-y-cronograma-de-horarios\/\" aria-label=\"More on Inscripci\u00f3n a mesas de ex\u00e1menes marzo 2024 y cronograma de horarios\">[+]<\/a><\/p>\n","protected":false},"author":1415,"featured_media":0,"comment_status":"closed","ping_status":"open","sticky":false,"template":"","format":"standard","meta":[],"categories":[8,7,6],"tags":[37,38],"acf":[],"_links":{"self":[{"href":"https:\/\/institutoemignone-bue.infd.edu.ar\/sitio\/wp-json\/wp\/v2\/posts\/2051"}],"collection":[{"href":"https:\/\/institutoemignone-bue.infd.edu.ar\/sitio\/wp-json\/wp\/v2\/posts"}],"about":[{"href":"https:\/\/institutoemignone-bue.infd.edu.ar\/sitio\/wp-json\/wp\/v2\/types\/post"}],"author":[{"embeddable":true,"href":"https:\/\/institutoemignone-bue.infd.edu.ar\/sitio\/wp-json\/wp\/v2\/users\/1415"}],"replies":[{"embeddable":true,"href":"https:\/\/institutoemignone-bue.infd.edu.ar\/sitio\/wp-json\/wp\/v2\/comments?post=2051"}],"version-history":[{"count":1,"href":"https:\/\/institutoemignone-bue.infd.edu.ar\/sitio\/wp-json\/wp\/v2\/posts\/2051\/revisions"}],"predecessor-version":[{"id":2053,"href":"https:\/\/institutoemignone-bue.infd.edu.ar\/sitio\/wp-json\/wp\/v2\/posts\/2051\/revisions\/2053"}],"wp:attachment":[{"href":"https:\/\/institutoemignone-bue.infd.edu.ar\/sitio\/wp-json\/wp\/v2\/media?parent=2051"}],"wp:term":[{"taxonomy":"category","embeddable":true,"href":"https:\/\/institutoemignone-bue.infd.edu.ar\/sitio\/wp-json\/wp\/v2\/categories?post=2051"},{"taxonomy":"post_tag","embeddable":true,"href":"https:\/\/institutoemignone-bue.infd.edu.ar\/sitio\/wp-json\/wp\/v2\/tags?post=2051"}],"curies":[{"name":"wp","href":"https:\/\/api.w.org\/{rel}","templated":true}]}}