{"id":2047,"date":"2024-02-16T18:25:29","date_gmt":"2024-02-16T21:25:29","guid":{"rendered":"https:\/\/institutoemignone-bue.infd.edu.ar\/sitio\/?p=2047"},"modified":"2024-02-16T19:18:43","modified_gmt":"2024-02-16T22:18:43","slug":"profesorado-de-educacion-fisica-cambios-en-el-regimen-de-correlatividades-del-plan-de-estudios","status":"publish","type":"post","link":"https:\/\/institutoemignone-bue.infd.edu.ar\/sitio\/profesorado-de-educacion-fisica-cambios-en-el-regimen-de-correlatividades-del-plan-de-estudios\/","title":{"rendered":"PROFESORADO DE EDUCACI\u00d3N F\u00cdSICA: CAMBIOS EN EL R\u00c9GIMEN DE CORRELATIVIDADES DEL PLAN DE ESTUDIOS"},"content":{"rendered":"\n<figure class=\"wp-block-table\"><table><tbody><tr><td><\/td><\/tr><tr><td><strong>PROFESORADO DE EDUCACI\u00d3N F\u00cdSICA<\/strong><br><br><strong><em><u>INFORMACION IMPORTANTE PARA LA CURSADA 2024<\/u><\/em><\/strong><br><br><strong>CAMBIOS EN EL REGIMEN DE CORRELATIVIDADES DEL PLAN DE ESTUDIOS DEL PROFESORADO<\/strong>A partir de la resoluci\u00f3n<a rel=\"noreferrer noopener\" href=\"https:\/\/drive.google.com\/file\/d\/1CWqg-quUckKVzis8fn86VZp4Gytm43Dk\/view?usp=sharing\" target=\"_blank\">\u00a0<strong>rsc-2023-52216278-gdeba-dgcye<\/strong><\/a> se establece la\u00a0<strong>modificaci\u00f3n de los requisitos para cursar unidades curriculares correlativas.<\/strong> <br><br>La\u00a0<strong>vigencia<\/strong>\u00a0de esta resoluci\u00f3n se establece<a href=\"https:\/\/docs.google.com\/document\/d\/1hwBIxW33XNFBhc6I5c6QeQe82-lhFvGR\/edit?usp=sharing&amp;ouid=116487070016753809368&amp;rtpof=true&amp;sd=true\" target=\"_blank\" rel=\"noreferrer noopener\">\u00a0<strong>a partir del ciclo lectivo 2024<\/strong>\u00a0<\/a>por lo tanto les sugerimos\u00a0<strong>leer con detenimiento<\/strong>\u00a0las\u00a0<strong><u>materias que requieren cursadas aprobadas<\/u><\/strong>, como as\u00ed tambi\u00e9n las\u00a0<strong>materias que requieren tener las correlativas acreditadas<\/strong>\u00a0(con final aprobado)\u00a0para poder ser cursadas.Es importante que lo<strong>\u00a0tengan en cuenta al momento de inscribirse en las mesas de examen de marzo<\/strong>\u00a0para poder organizarse y dar prioridad a la acreditaci\u00f3n de aquellos espacios curriculares que les permitan la cursada de determinadas materias en 2024 seg\u00fan esta nueva resoluci\u00f3n de correlatividades.<br><br><strong>Por ejemplo:Para cursar An\u00e1lisis de las acciones motrices de 3er a\u00f1o<\/strong>\u00a0se deber\u00e1 tener\u00a0<strong>acreditada<\/strong>\u00a0(con final aprobado)<strong>\u00a0Anatom\u00eda funcional de 1ro.Para acceder al Campo de la Pr\u00e1ctica de 4to<\/strong>\u00a0se deber\u00e1 tener la<strong>\u00a0cursada aprobada de\u00a0<u>todas las materias de 2do a\u00f1o<\/u><\/strong>\u00a0y\u00a0<strong><u>acreditadas<\/u>\u00a0<\/strong>Campo de la Practica III, Did\u00e1ctica Ed. F\u00eds. Secundario, D. Pract. Gimnasticas II y D. Pract. naturaleza y aire libre I.<strong>Situaci\u00f3n similar respecto del campo de la pr\u00e1ctica III.<\/strong><br><br>Por otra parte, se han agregado nuevas correlatividades y se han quitado otras.Les recordamos que la\u00a0<strong>inscripci\u00f3n a las mesas de examen<\/strong>\u00a0se realiza de manera virtual\u00a0<strong>del 23 al 28\/2<\/strong>\u00a0y que<strong>\u00a0las mesas comienzan el 1\/3.<\/strong><br><br>Ante cualquier duda acercarse a Preceptor\u00eda.<\/td><\/tr><\/tbody><\/table><\/figure>\n\n\n\n<p><\/p>\n","protected":false},"excerpt":{"rendered":"<p>PROFESORADO DE EDUCACI\u00d3N F\u00cdSICA INFORMACION IMPORTANTE PARA LA CURSADA 2024 CAMBIOS EN EL REGIMEN DE CORRELATIVIDADES DEL PLAN DE ESTUDIOS DEL PROFESORADOA partir de la resoluci\u00f3n\u00a0rsc-2023-52216278-gdeba-dgcye se establece la\u00a0modificaci\u00f3n de los requisitos para cursar unidades curriculares correlativas. La\u00a0vigencia\u00a0de esta resoluci\u00f3n se establece\u00a0a partir del ciclo lectivo 2024\u00a0por lo tanto les sugerimos\u00a0leer con detenimiento\u00a0las\u00a0materias que requieren &#8230; <a title=\"PROFESORADO DE EDUCACI\u00d3N F\u00cdSICA: CAMBIOS EN EL R\u00c9GIMEN DE CORRELATIVIDADES DEL PLAN DE ESTUDIOS\" class=\"read-more\" href=\"https:\/\/institutoemignone-bue.infd.edu.ar\/sitio\/profesorado-de-educacion-fisica-cambios-en-el-regimen-de-correlatividades-del-plan-de-estudios\/\" aria-label=\"More on PROFESORADO DE EDUCACI\u00d3N F\u00cdSICA: CAMBIOS EN EL R\u00c9GIMEN DE CORRELATIVIDADES DEL PLAN DE ESTUDIOS\">[+]<\/a><\/p>\n","protected":false},"author":1415,"featured_media":0,"comment_status":"open","ping_status":"open","sticky":false,"template":"","format":"standard","meta":[],"categories":[8,6],"tags":[28,36],"acf":[],"_links":{"self":[{"href":"https:\/\/institutoemignone-bue.infd.edu.ar\/sitio\/wp-json\/wp\/v2\/posts\/2047"}],"collection":[{"href":"https:\/\/institutoemignone-bue.infd.edu.ar\/sitio\/wp-json\/wp\/v2\/posts"}],"about":[{"href":"https:\/\/institutoemignone-bue.infd.edu.ar\/sitio\/wp-json\/wp\/v2\/types\/post"}],"author":[{"embeddable":true,"href":"https:\/\/institutoemignone-bue.infd.edu.ar\/sitio\/wp-json\/wp\/v2\/users\/1415"}],"replies":[{"embeddable":true,"href":"https:\/\/institutoemignone-bue.infd.edu.ar\/sitio\/wp-json\/wp\/v2\/comments?post=2047"}],"version-history":[{"count":3,"href":"https:\/\/institutoemignone-bue.infd.edu.ar\/sitio\/wp-json\/wp\/v2\/posts\/2047\/revisions"}],"predecessor-version":[{"id":2050,"href":"https:\/\/institutoemignone-bue.infd.edu.ar\/sitio\/wp-json\/wp\/v2\/posts\/2047\/revisions\/2050"}],"wp:attachment":[{"href":"https:\/\/institutoemignone-bue.infd.edu.ar\/sitio\/wp-json\/wp\/v2\/media?parent=2047"}],"wp:term":[{"taxonomy":"category","embeddable":true,"href":"https:\/\/institutoemignone-bue.infd.edu.ar\/sitio\/wp-json\/wp\/v2\/categories?post=2047"},{"taxonomy":"post_tag","embeddable":true,"href":"https:\/\/institutoemignone-bue.infd.edu.ar\/sitio\/wp-json\/wp\/v2\/tags?post=2047"}],"curies":[{"name":"wp","href":"https:\/\/api.w.org\/{rel}","templated":true}]}}