{"id":2007,"date":"2023-11-13T21:17:22","date_gmt":"2023-11-14T00:17:22","guid":{"rendered":"https:\/\/institutoemignone-bue.infd.edu.ar\/sitio\/?p=2007"},"modified":"2023-11-18T15:42:55","modified_gmt":"2023-11-18T18:42:55","slug":"inscripcion-a-mesas-de-examenes-de-nov-diciembre-2023","status":"publish","type":"post","link":"https:\/\/institutoemignone-bue.infd.edu.ar\/sitio\/inscripcion-a-mesas-de-examenes-de-nov-diciembre-2023\/","title":{"rendered":"<strong>Inscripci\u00f3n a mesas de ex\u00e1menes de Nov-Diciembre 2023<\/strong>"},"content":{"rendered":"\n<p>A trav\u00e9s de la presente informamos que <strong>del 18 al 22 de noviembre<\/strong> ser\u00e1 el periodo de <strong>inscripci\u00f3n a las mesas de ex\u00e1menes regulares de Nov-Diciembre 2023 que tendr\u00e1n lugar del 27\/11 al 22\/12 <\/strong>para las asignaturas de las carreras del Profesorado de Educaci\u00f3n F\u00edsica, Tecnicaturas Superiores de Bibliotecolog\u00eda, Gesti\u00f3n Cultural, Dise\u00f1o y Producci\u00f3n de Indumentaria, Relaciones P\u00fablicas y Ceremonial y Servicios Gastron\u00f3micos.<\/p>\n\n\n\n<p>IMPORTANTE:<\/p>\n\n\n\n<ul>\n<li><strong>Cada estudiante ser\u00e1 responsable<\/strong> de inscribirse de acuerdo al <strong>r\u00e9gimen<\/strong> de <strong>correlatividades<\/strong> <strong>de su plan de estudios<\/strong> y al <strong>R\u00e9gimen<\/strong> <strong>Acad\u00e9mico<\/strong> Resoluci\u00f3n <strong>4043\/09.&nbsp;<\/strong><\/li>\n\n\n\n<li>Este turno consta de dos llamados, una vez elegido el mismo no podr\u00e1 modificarse,&nbsp;<\/li>\n\n\n\n<li>Aquellos estudiantes que deban ex\u00e1menes<strong> finales de materias correlativas podr\u00e1n inscribirse de manera presencial luego de aprobar el examen correspondiente <\/strong>(ej: si tienen a final una materia de 1\u00b0 y su correlativa de 2\u00b0, s\u00f3lo se anotan para la de 1\u00b0 y si rinden bien, en preceptor\u00eda se anotan para rendir la de 2\u00b0). <em>VALE ACLARAR QUE ESTO S\u00d3LO ES POSIBLE PARA LAS MATERIAS REGULARES (NO APLICA A LA MODALIDAD DE LIBRES)<\/em><\/li>\n\n\n\n<li><strong>Ex\u00e1menes Libres:<\/strong> se recuerda que para las materias de cursada anual las fechas de ex\u00e1menes libres son s\u00f3lo en diciembre 2023 y marzo 2024 y podr\u00e1n presentarse quienes hayan optado por esta modalidad en la inscripci\u00f3n anual a la cursada 2023.<\/li>\n\n\n\n<li><strong>No se aceptar\u00e1n inscripciones fuera de fecha.<\/strong><\/li>\n<\/ul>\n\n\n\n<p><strong>Desarrollo de las mesas: 27 de noviembre  al 22 de diciembre 2023<\/strong><\/p>\n\n\n\n<p>ENLACES A LAS FECHAS Y HORARIOS DE MESAS DE EXAMEN POR CARRERA<\/p>\n\n\n\n<p><\/p>\n\n\n\n<ul>\n<li>\u2013&gt; <a href=\"https:\/\/drive.google.com\/drive\/folders\/1u9cxfa8tKX-Jqm283EnShPIPtb8cB98q?usp=sharing\" target=\"_blank\" rel=\"noreferrer noopener\">ENLACE a fechas y horarios<\/a><\/li>\n<\/ul>\n\n\n\n<p><\/p>\n\n\n\n<p><strong>ENLACES A LAS PLANILLAS DE INSCRIPCI\u00d3N (hacer click en la carrera correspondiente del 18 al 22 de noviembre)<\/strong><\/p>\n\n\n\n<ul>\n<li><a href=\"https:\/\/docs.google.com\/forms\/d\/e\/1FAIpQLSecrep5C2hcsbu8sD8_ZDPk8oqKVN56PT3QGSNvvn_ELgYR6A\/viewform\">Profesorado de Educaci\u00f3n F\u00edsica.<\/a><\/li>\n\n\n\n<li><a href=\"https:\/\/docs.google.com\/forms\/d\/e\/1FAIpQLScRJ19Osi5yAOUtt-7oqBLNHIAPRKUx5XMB7heR8yQpivc0AA\/viewform\">Tecnicatura Superior en Bibliotecolog\u00eda.<\/a><\/li>\n\n\n\n<li><a href=\"https:\/\/docs.google.com\/forms\/d\/e\/1FAIpQLSefF4ZiER4EjGki-DdhVtbQclxmpHm29nl-7PylMgxyaZFKlg\/viewform\">Tecnicatura Superior en Dise\u00f1o de Indumentaria y Textil<\/a><\/li>\n\n\n\n<li><a href=\"https:\/\/docs.google.com\/forms\/d\/e\/1FAIpQLSeS41PKjZJqejKo-VpskVI5II2NrbAsbxmTp_QKoc_lm18eug\/viewform\">Tecnicatura Superior en Gesti\u00f3n Cultural.<\/a><\/li>\n\n\n\n<li><a href=\"https:\/\/docs.google.com\/forms\/d\/e\/1FAIpQLSf8BnV1HZX-Wvmj-bV2lk35xY8DPYbgHfKBTUXzmK959uqudw\/viewform\">Tecnicatura Superior en Relaciones P\u00fablicas, Ceremonial y Protocolo.<\/a><\/li>\n\n\n\n<li><a href=\"https:\/\/docs.google.com\/forms\/d\/e\/1FAIpQLSddp1oMROT5_LDE1hIYP7cTrmzU8gkhewoRURdqWmIyU7mDow\/viewform\">Tecnicatura Superior en Servicios Gastron\u00f3micos<\/a><\/li>\n<\/ul>\n","protected":false},"excerpt":{"rendered":"<p>A trav\u00e9s de la presente informamos que del 18 al 22 de noviembre ser\u00e1 el periodo de inscripci\u00f3n a las mesas de ex\u00e1menes regulares de Nov-Diciembre 2023 que tendr\u00e1n lugar del 27\/11 al 22\/12 para las asignaturas de las carreras del Profesorado de Educaci\u00f3n F\u00edsica, Tecnicaturas Superiores de Bibliotecolog\u00eda, Gesti\u00f3n Cultural, Dise\u00f1o y Producci\u00f3n de &#8230; <a title=\"Inscripci\u00f3n a mesas de ex\u00e1menes de Nov-Diciembre 2023\" class=\"read-more\" href=\"https:\/\/institutoemignone-bue.infd.edu.ar\/sitio\/inscripcion-a-mesas-de-examenes-de-nov-diciembre-2023\/\" aria-label=\"More on Inscripci\u00f3n a mesas de ex\u00e1menes de Nov-Diciembre 2023\">[+]<\/a><\/p>\n","protected":false},"author":1415,"featured_media":0,"comment_status":"closed","ping_status":"open","sticky":false,"template":"","format":"standard","meta":[],"categories":[8,7,6],"tags":[38],"acf":[],"_links":{"self":[{"href":"https:\/\/institutoemignone-bue.infd.edu.ar\/sitio\/wp-json\/wp\/v2\/posts\/2007"}],"collection":[{"href":"https:\/\/institutoemignone-bue.infd.edu.ar\/sitio\/wp-json\/wp\/v2\/posts"}],"about":[{"href":"https:\/\/institutoemignone-bue.infd.edu.ar\/sitio\/wp-json\/wp\/v2\/types\/post"}],"author":[{"embeddable":true,"href":"https:\/\/institutoemignone-bue.infd.edu.ar\/sitio\/wp-json\/wp\/v2\/users\/1415"}],"replies":[{"embeddable":true,"href":"https:\/\/institutoemignone-bue.infd.edu.ar\/sitio\/wp-json\/wp\/v2\/comments?post=2007"}],"version-history":[{"count":4,"href":"https:\/\/institutoemignone-bue.infd.edu.ar\/sitio\/wp-json\/wp\/v2\/posts\/2007\/revisions"}],"predecessor-version":[{"id":2013,"href":"https:\/\/institutoemignone-bue.infd.edu.ar\/sitio\/wp-json\/wp\/v2\/posts\/2007\/revisions\/2013"}],"wp:attachment":[{"href":"https:\/\/institutoemignone-bue.infd.edu.ar\/sitio\/wp-json\/wp\/v2\/media?parent=2007"}],"wp:term":[{"taxonomy":"category","embeddable":true,"href":"https:\/\/institutoemignone-bue.infd.edu.ar\/sitio\/wp-json\/wp\/v2\/categories?post=2007"},{"taxonomy":"post_tag","embeddable":true,"href":"https:\/\/institutoemignone-bue.infd.edu.ar\/sitio\/wp-json\/wp\/v2\/tags?post=2007"}],"curies":[{"name":"wp","href":"https:\/\/api.w.org\/{rel}","templated":true}]}}