{"id":1885,"date":"2023-08-07T17:01:10","date_gmt":"2023-08-07T20:01:10","guid":{"rendered":"https:\/\/institutoemignone-bue.infd.edu.ar\/sitio\/?p=1885"},"modified":"2023-08-07T18:02:18","modified_gmt":"2023-08-07T21:02:18","slug":"convocatoria-a-cobertura-de-cargo-docente-para-la-tecnicatura-superior-en-diseno-y-produccion-de-indumentaria-agosto-2023","status":"publish","type":"post","link":"https:\/\/institutoemignone-bue.infd.edu.ar\/sitio\/convocatoria-a-cobertura-de-cargo-docente-para-la-tecnicatura-superior-en-diseno-y-produccion-de-indumentaria-agosto-2023\/","title":{"rendered":"Convocatoria a cobertura de cargo docente para la Tecnicatura Superior en Dise\u00f1o y Producci\u00f3n de Indumentaria Agosto 2023"},"content":{"rendered":"\n<p><strong>Los que deseen postularse<\/strong>, enviar un mail con el Asunto: CONVOCATORIA ASIGNATURAS DISE\u00d1O a inscripcionmignone@gmail.com&nbsp; y adjuntar la documentaci\u00f3n (con presentaci\u00f3n del proyecto) solicitada en archivo PDF \u00f3 JPG o de ser muy pesado, por enlace de GOOGLE DRIVE. Si los aspirantes re\u00fanen las condiciones, acceder\u00e1n a una entrevista con fecha a confirmar.<\/p>\n\n\n\n<p><strong>TECNICATURA SUPERIOR EN DISE\u00d1O Y PRODUCCI\u00d3N DE INDUMENTARIA<\/strong><\/p>\n\n\n\n<p><strong>Convocatoria AGOSTO 2023<\/strong><\/p>\n\n\n\n<p>Asignatura: <strong>DISE\u00d1O DE INDUMENTARIA 1.  <\/strong>1er a\u00f1o. 4,5 hs. c\u00e1tedras.<\/p>\n\n\n\n<p>D\u00edas y horarios: Lunes 9 a 12 hs.<\/p>\n\n\n\n<p>Perfil: Dise\u00f1ador de Indumentaria. Dise\u00f1ador Industrial<\/p>\n\n\n\n<p>Fecha entrega de documentaci\u00f3n y proyecto: 10 de Agosto de 2023<\/p>\n\n\n\n<p>&#8212;&#8212;&#8212;&#8212;&#8212;&#8212;&#8212;&#8212;&#8212;&#8212;&#8212;&#8212;&#8212;&#8212;&#8212;&#8212;-<\/p>\n\n\n\n<p><\/p>\n\n\n\n<p><strong>REQUISITOS:<\/strong><\/p>\n\n\n\n<p><strong>INSCRIPCI\u00d3N:<\/strong><\/p>\n\n\n\n<p><strong>Documentaci\u00f3n a entregar:<\/strong><\/p>\n\n\n\n<ul>\n<li><strong>DNI<\/strong><\/li>\n\n\n\n<li><strong>Constancia CUIL\/CUIT<\/strong><\/li>\n\n\n\n<li><strong>T\u00edtulo habilitante<\/strong><\/li>\n\n\n\n<li><strong>Curriculum Vitae (en el cual debe constar: t\u00edtulos, cursos y capacitaciones dictadas y realizadas, publicaciones, experiencia docente y profesional comprobable, entre otros)<\/strong><\/li>\n\n\n\n<li><strong>Presentaci\u00f3n de la declaraci\u00f3n jurada de cargos del \u00e1mbito estatal y privado. Se tendr\u00e1 en cuenta el r\u00e9gimen de incompatibilidades del Estatuto Docente ART\u00cdCULO 28\u00b0.<\/strong><\/li>\n\n\n\n<li><strong>No recibir alg\u00fan beneficio jubilatorio.<\/strong><\/li>\n\n\n\n<li><strong>Experiencia docente.<\/strong><\/li>\n\n\n\n<li><strong>Cursos y capacitaci\u00f3n que manifiesten que no sean de m\u00e1s de 5 a\u00f1os de actualizaci\u00f3n.<\/strong><\/li>\n\n\n\n<li><strong>Propuesta pedag\u00f3gica enmarcada en el Dise\u00f1o Curricular de la Carrera a presentar y los contenidos m\u00ednimos que se establecen:<\/strong>\n<ul>\n<li><a href=\"https:\/\/drive.google.com\/file\/d\/14b-XFstIDqV-4jo1--NkDERPTz1NYXsF\/view\"><strong>Tecnicatura Superior en Dise\u00f1o y Producci\u00f3n de Indumentaria RESOLUCI\u00d3N N\u00b0 129\/12<\/strong><\/a><strong>&nbsp;<\/strong><\/li>\n<\/ul>\n<\/li>\n<\/ul>\n\n\n\n<p><strong>Elementos m\u00ednimos de la PROPUESTA PEDAG\u00d3GICA<\/strong><\/p>\n\n\n\n<p><strong>\u2013 Fundamentaci\u00f3n (Justificaci\u00f3n de la propuesta a la luz de los marcos te\u00f3ricos pertinentes).<\/strong><\/p>\n\n\n\n<p><strong>\u2013 Prop\u00f3sitos \/ Objetivos.<\/strong><\/p>\n\n\n\n<p><strong>\u2013 Contenidos y desarrollo<\/strong><\/p>\n\n\n\n<p><strong>\u2013 Estrategias de ense\u00f1anza<\/strong><\/p>\n\n\n\n<p><strong>\u2013 Recursos y material bibliogr\u00e1fico<\/strong><\/p>\n\n\n\n<p><strong>\u2013 Evaluaci\u00f3n<\/strong><\/p>\n\n\n\n<p><strong>\u2013 Bibliograf\u00eda<\/strong><\/p>\n\n\n\n<p>Se tendr\u00e1 en cuenta para la evaluaci\u00f3n los siguientes \u00edtems:<\/p>\n\n\n\n<ul>\n<li><a rel=\"noreferrer noopener\" href=\"https:\/\/drive.google.com\/file\/d\/1fGJZRDsZtT--Ivev8WuDPeer-J31E8Cf\/view?usp=sharing\" target=\"_blank\">PROPUESTA PEDAG\u00d3GICA<\/a><\/li>\n\n\n\n<li><a href=\"https:\/\/drive.google.com\/file\/d\/11glcgmqGN4xgbCbZx65aCRttpyjbWoj5\/view?usp=sharing\" target=\"_blank\" rel=\"noreferrer noopener\">ENTREVISTA<\/a><\/li>\n<\/ul>\n","protected":false},"excerpt":{"rendered":"<p>Los que deseen postularse, enviar un mail con el Asunto: CONVOCATORIA ASIGNATURAS DISE\u00d1O a inscripcionmignone@gmail.com&nbsp; y adjuntar la documentaci\u00f3n (con presentaci\u00f3n del proyecto) solicitada en archivo PDF \u00f3 JPG o de ser muy pesado, por enlace de GOOGLE DRIVE. Si los aspirantes re\u00fanen las condiciones, acceder\u00e1n a una entrevista con fecha a confirmar. TECNICATURA SUPERIOR &#8230; <a title=\"Convocatoria a cobertura de cargo docente para la Tecnicatura Superior en Dise\u00f1o y Producci\u00f3n de Indumentaria Agosto 2023\" class=\"read-more\" href=\"https:\/\/institutoemignone-bue.infd.edu.ar\/sitio\/convocatoria-a-cobertura-de-cargo-docente-para-la-tecnicatura-superior-en-diseno-y-produccion-de-indumentaria-agosto-2023\/\" aria-label=\"More on Convocatoria a cobertura de cargo docente para la Tecnicatura Superior en Dise\u00f1o y Producci\u00f3n de Indumentaria Agosto 2023\">[+]<\/a><\/p>\n","protected":false},"author":165,"featured_media":0,"comment_status":"open","ping_status":"open","sticky":false,"template":"","format":"standard","meta":[],"categories":[7,6],"tags":[],"acf":[],"_links":{"self":[{"href":"https:\/\/institutoemignone-bue.infd.edu.ar\/sitio\/wp-json\/wp\/v2\/posts\/1885"}],"collection":[{"href":"https:\/\/institutoemignone-bue.infd.edu.ar\/sitio\/wp-json\/wp\/v2\/posts"}],"about":[{"href":"https:\/\/institutoemignone-bue.infd.edu.ar\/sitio\/wp-json\/wp\/v2\/types\/post"}],"author":[{"embeddable":true,"href":"https:\/\/institutoemignone-bue.infd.edu.ar\/sitio\/wp-json\/wp\/v2\/users\/165"}],"replies":[{"embeddable":true,"href":"https:\/\/institutoemignone-bue.infd.edu.ar\/sitio\/wp-json\/wp\/v2\/comments?post=1885"}],"version-history":[{"count":2,"href":"https:\/\/institutoemignone-bue.infd.edu.ar\/sitio\/wp-json\/wp\/v2\/posts\/1885\/revisions"}],"predecessor-version":[{"id":1887,"href":"https:\/\/institutoemignone-bue.infd.edu.ar\/sitio\/wp-json\/wp\/v2\/posts\/1885\/revisions\/1887"}],"wp:attachment":[{"href":"https:\/\/institutoemignone-bue.infd.edu.ar\/sitio\/wp-json\/wp\/v2\/media?parent=1885"}],"wp:term":[{"taxonomy":"category","embeddable":true,"href":"https:\/\/institutoemignone-bue.infd.edu.ar\/sitio\/wp-json\/wp\/v2\/categories?post=1885"},{"taxonomy":"post_tag","embeddable":true,"href":"https:\/\/institutoemignone-bue.infd.edu.ar\/sitio\/wp-json\/wp\/v2\/tags?post=1885"}],"curies":[{"name":"wp","href":"https:\/\/api.w.org\/{rel}","templated":true}]}}