{"id":1874,"date":"2023-07-31T17:32:52","date_gmt":"2023-07-31T20:32:52","guid":{"rendered":"https:\/\/institutoemignone-bue.infd.edu.ar\/sitio\/?p=1874"},"modified":"2023-07-31T17:43:01","modified_gmt":"2023-07-31T20:43:01","slug":"concurso-de-coordinacion-de-la-tecnicatura-superior-en-gestion-cultural","status":"publish","type":"post","link":"https:\/\/institutoemignone-bue.infd.edu.ar\/sitio\/concurso-de-coordinacion-de-la-tecnicatura-superior-en-gestion-cultural\/","title":{"rendered":"<strong>CONCURSO DE COORDINACI\u00d3N DE LA TECNICATURA SUPERIOR EN GESTI\u00d3N CULTURAL<\/strong>"},"content":{"rendered":"\n<h1 class=\"wp-block-heading\"><\/h1>\n\n\n\n<p><strong>Los que deseen postularse<\/strong>, enviar un mail con el Asunto: CONCURSO COORD GESTI\u00d3N CULTURAL a inscripcionmignone@gmail.com&nbsp; y adjuntar la documentaci\u00f3n (con presentaci\u00f3n de proyecto de coordinaci\u00f3n) solicitada en archivo PDF \u00f3 JPG o de ser muy pesado, por enlace de GOOGLE DRIVE. Si los aspirantes re\u00fanen las condiciones, acceder\u00e1n a una entrevista con defensa proyecto con fecha a confirmar.<\/p>\n\n\n\n<p>Cualquier duda o solicitud de informaci\u00f3n consulte a <a href=\"mailto:inscripcionmignone@gmail.com\">inscripcionmignone@gmail.com<\/a><\/p>\n\n\n\n<p><strong>M\u00c1S INFORMACI\u00d3N IMPORTANTE PARA TENER EN CUENTA<\/strong><\/p>\n\n\n\n<p>CARGO: <strong>COORDINADOR\/A CARRERA TECNICATURA SUPERIOR EN GESTI\u00d3N CULTURAL<\/strong><\/p>\n\n\n\n<p><strong>HORARIO:<\/strong> Disponibilidad horaria<\/p>\n\n\n\n<p><strong>CANTIDAD DE HORAS C\u00c1TEDRAS: 12 horas<\/strong><\/p>\n\n\n\n<p><strong>FECHA DE ENTREGA L\u00cdMITE DE DOCUMENTACI\u00d3N V\u00cdA MAIL:&nbsp; 9 de AGOSTO DE 2023<\/strong><\/p>\n\n\n\n<ul>\n<li>Los aspirantes a cargos que se concursen deber\u00e1n acreditar la idoneidad para el cargo a cubrir.&nbsp; Se sugiere tener experiencia en el campo de la gesti\u00f3n cultural.<\/li>\n\n\n\n<li>Adem\u00e1s, deber\u00e1n cumplimentar los requisitos generales que se detallan a continuaci\u00f3n:\n<ul>\n<li>No poseer antecedentes penales.<\/li>\n\n\n\n<li>Ser ciudadano argentino o naturalizado.<\/li>\n<\/ul>\n<\/li>\n<\/ul>\n\n\n\n<p><strong>PERFIL<\/strong>:<\/p>\n\n\n\n<ul>\n<li>Poseer t\u00edtulo de Tecnicatura Superior en Gesti\u00f3n Cultural y superior y\/o t\u00edtulos afines.&nbsp;<\/li>\n\n\n\n<li>Tener como m\u00ednimo cinco (5) a\u00f1os de antig\u00fcedad en la Docencia.<\/li>\n<\/ul>\n\n\n\n<p><strong>TEMARIO Y BIBLIOGRAF\u00cdA:<\/strong> la misma se entregar\u00e1 a los integrados v\u00eda mail (interesados solicitar a inscripcionmignone@gmail.com) .&nbsp;&nbsp;<\/p>\n\n\n\n<p><strong>DOCUMENTACI\u00d3N A ENTREGAR<\/strong>:<\/p>\n\n\n\n<ul>\n<li><strong>DNI<\/strong><\/li>\n\n\n\n<li><strong>Constancia CUIL\/CUIT<\/strong><\/li>\n\n\n\n<li><strong>T\u00edtulo habilitante docente<\/strong><\/li>\n\n\n\n<li><strong>Curriculum Vitae (en el cual debe constar: t\u00edtulos, cursos y capacitaciones dictadas y realizadas, publicaciones, experiencia docente y profesional comprobable, entre otros)<\/strong><\/li>\n\n\n\n<li><strong>Certificado de antecedentes penales<\/strong><\/li>\n\n\n\n<li><strong>Presentaci\u00f3n de la declaraci\u00f3n jurada de cargos del \u00e1mbito estatal y privado. Se tendr\u00e1 en cuenta el r\u00e9gimen de incompatibilidades del Estatuto Docente ART\u00cdCULO 28\u00b0.<\/strong><\/li>\n\n\n\n<li><strong>Proyecto de Coordinaci\u00f3n teniendo en cuenta los datos y el Dise\u00f1o Curricular de la Carrera de la Tecnicatura Superior en Gesti\u00f3n Cultural que se encuentra en <a href=\"https:\/\/institutoemignone-bue.infd.edu.ar\/sitio\/gestion-cultural\/\"><strong>https:\/\/institutoemignone-bue.infd.edu.ar\/sitio\/gestion-cultural\/<\/strong><\/a><\/strong> <strong>y la bibliograf\u00eda general de referencia <\/strong>que se enviar\u00e1 por mail a los interesados (inscripcionmignone@yahoo.com.ar).<\/li>\n<\/ul>\n\n\n\n<p><strong>REQUISITOS<\/strong><\/p>\n\n\n\n<ul>\n<li><strong>Los aspirantes no pueden contar con m\u00e1s de 1 cargo base m\u00e1s 20 m\u00f3dulos o 30 horas c\u00e1tedras titulares, al momento de la toma de posesi\u00f3n deber\u00e1n renunciar al excedente de las mismas.&nbsp;&nbsp;<\/strong><\/li>\n<\/ul>\n\n\n\n<ul>\n<li><strong>No recibir alg\u00fan beneficio jubilatorio.<\/strong><\/li>\n\n\n\n<li><strong>5 a\u00f1os de antig\u00fcedad m\u00ednima en la docencia.<\/strong><\/li>\n\n\n\n<li><strong>En la presentaci\u00f3n de cursos y capacitaciones que manifiesten no deber\u00e1n ser de m\u00e1s de 5 a\u00f1os de actualizaci\u00f3n.&nbsp;<\/strong><\/li>\n<\/ul>\n\n\n\n<p><strong>INSTANCIAS DE EVALUACI\u00d3N<\/strong><\/p>\n\n\n\n<ul>\n<li>En el caso de corresponder los aspirantes re\u00fanan las condiciones, en una primera instancia se llevar\u00e1 a cabo la evaluaci\u00f3n de oposici\u00f3n y antecedentes que present\u00f3 cada postulante en base a la documentaci\u00f3n habilitante. Posteriormente, si pasa a la instancia siguiente se evaluar\u00e1 el proyecto presentado como base en el temario enviado y, en caso de corresponder, se llamar\u00e1 a una entrevista&nbsp; a los aspirantes en defensa del mismo, adem\u00e1s de su ubicaci\u00f3n en el rol del cargo solicitado.<\/li>\n\n\n\n<li>Aspectos a tener en cuenta en la evaluaci\u00f3n del proyecto y la entrevista:\n<ul>\n<li><a href=\"https:\/\/drive.google.com\/file\/d\/1TpAfKmC-xmsppXg-x6gG_BojpvONJnpp\/view?usp=sharing\" target=\"_blank\" rel=\"noreferrer noopener\"><strong>proyecto<\/strong><\/a><\/li>\n\n\n\n<li><a href=\"https:\/\/drive.google.com\/file\/d\/11glcgmqGN4xgbCbZx65aCRttpyjbWoj5\/view?usp=sharing\" target=\"_blank\" rel=\"noreferrer noopener\"><strong>entrevista<\/strong><\/a><\/li>\n<\/ul>\n<\/li>\n<\/ul>\n","protected":false},"excerpt":{"rendered":"<p>Los que deseen postularse, enviar un mail con el Asunto: CONCURSO COORD GESTI\u00d3N CULTURAL a inscripcionmignone@gmail.com&nbsp; y adjuntar la documentaci\u00f3n (con presentaci\u00f3n de proyecto de coordinaci\u00f3n) solicitada en archivo PDF \u00f3 JPG o de ser muy pesado, por enlace de GOOGLE DRIVE. Si los aspirantes re\u00fanen las condiciones, acceder\u00e1n a una entrevista con defensa proyecto &#8230; <a title=\"CONCURSO DE COORDINACI\u00d3N DE LA TECNICATURA SUPERIOR EN GESTI\u00d3N CULTURAL\" class=\"read-more\" href=\"https:\/\/institutoemignone-bue.infd.edu.ar\/sitio\/concurso-de-coordinacion-de-la-tecnicatura-superior-en-gestion-cultural\/\" aria-label=\"More on CONCURSO DE COORDINACI\u00d3N DE LA TECNICATURA SUPERIOR EN GESTI\u00d3N CULTURAL\">[+]<\/a><\/p>\n","protected":false},"author":165,"featured_media":0,"comment_status":"open","ping_status":"open","sticky":false,"template":"","format":"standard","meta":[],"categories":[7,6],"tags":[16,46,40],"acf":[],"_links":{"self":[{"href":"https:\/\/institutoemignone-bue.infd.edu.ar\/sitio\/wp-json\/wp\/v2\/posts\/1874"}],"collection":[{"href":"https:\/\/institutoemignone-bue.infd.edu.ar\/sitio\/wp-json\/wp\/v2\/posts"}],"about":[{"href":"https:\/\/institutoemignone-bue.infd.edu.ar\/sitio\/wp-json\/wp\/v2\/types\/post"}],"author":[{"embeddable":true,"href":"https:\/\/institutoemignone-bue.infd.edu.ar\/sitio\/wp-json\/wp\/v2\/users\/165"}],"replies":[{"embeddable":true,"href":"https:\/\/institutoemignone-bue.infd.edu.ar\/sitio\/wp-json\/wp\/v2\/comments?post=1874"}],"version-history":[{"count":3,"href":"https:\/\/institutoemignone-bue.infd.edu.ar\/sitio\/wp-json\/wp\/v2\/posts\/1874\/revisions"}],"predecessor-version":[{"id":1877,"href":"https:\/\/institutoemignone-bue.infd.edu.ar\/sitio\/wp-json\/wp\/v2\/posts\/1874\/revisions\/1877"}],"wp:attachment":[{"href":"https:\/\/institutoemignone-bue.infd.edu.ar\/sitio\/wp-json\/wp\/v2\/media?parent=1874"}],"wp:term":[{"taxonomy":"category","embeddable":true,"href":"https:\/\/institutoemignone-bue.infd.edu.ar\/sitio\/wp-json\/wp\/v2\/categories?post=1874"},{"taxonomy":"post_tag","embeddable":true,"href":"https:\/\/institutoemignone-bue.infd.edu.ar\/sitio\/wp-json\/wp\/v2\/tags?post=1874"}],"curies":[{"name":"wp","href":"https:\/\/api.w.org\/{rel}","templated":true}]}}