{"id":1787,"date":"2023-03-03T12:06:13","date_gmt":"2023-03-03T15:06:13","guid":{"rendered":"https:\/\/institutoemignone-bue.infd.edu.ar\/sitio\/?p=1787"},"modified":"2023-05-09T16:34:37","modified_gmt":"2023-05-09T19:34:37","slug":"convocatoria-a-coberturas-de-cargos-docentes-para-la-tecnicatura-superior-en-bibliotecologia-2023","status":"publish","type":"post","link":"https:\/\/institutoemignone-bue.infd.edu.ar\/sitio\/convocatoria-a-coberturas-de-cargos-docentes-para-la-tecnicatura-superior-en-bibliotecologia-2023\/","title":{"rendered":"Convocatoria a coberturas de cargos docentes para la Tecnicatura Superior en Bibliotecolog\u00eda 2023"},"content":{"rendered":"\n<p><strong>Los que deseen postularse<\/strong>, enviar un mail con el Asunto: CONVOCATORIA ASIGNATURAS BIBLIO a inscripcionmignone@gmail.com&nbsp; y adjuntar la documentaci\u00f3n (con presentaci\u00f3n del proyecto pedag\u00f3gico) solicitada en archivo PDF \u00f3 JPG o de ser muy pesado, por enlace de GOOGLE DRIVE. Si los aspirantes re\u00fanen las condiciones, acceder\u00e1n a una entrevista con fecha a confirmar.<\/p>\n\n\n\n<p><strong>NUEVA CONVOCATORIA MARZO &#8211; ABRIL &#8211; MAYO 2023<\/strong><\/p>\n\n\n\n<p><strong>TECNICATURA SUPERIOR EN BIBLIOTECOLOG\u00cdA<\/strong><\/p>\n\n\n\n<ul>\n<li><strong>An\u00e1lisis Documental I.<\/strong>\u00a01er a\u00f1o. 4,5 horas c\u00e1tedras. D\u00edas y horarios: Jueves 17.30 a 19.30 hs.\u00a0<strong>T\u00edtulo de base: Lic. y\/o T\u00e9c. Sup. en Bibliotecolog\u00eda. Bibliotec\u00f3logo<\/strong>.\u00a0Fecha de\u00a0 entrega de documentaci\u00f3n y proyecto:<strong> hasta el 12 de mayo.<\/strong><\/li>\n<\/ul>\n\n\n\n<p>INSCRIPCI\u00d3N:<\/p>\n\n\n\n<p>Documentaci\u00f3n a entregar:<\/p>\n\n\n\n<ul>\n<li>DNI<\/li>\n\n\n\n<li>CUIL\/CUIT<\/li>\n\n\n\n<li>T\u00edtulo habilitante<\/li>\n\n\n\n<li>Curriculum Vitae (en el cual debe constar: t\u00edtulos, cursos y capacitaciones dictadas y realizadas, publicaciones, experiencia docente y profesional comprobable, entre otros)<\/li>\n\n\n\n<li>Presentaci\u00f3n de la declaraci\u00f3n jurada de cargos del \u00e1mbito estatal y privado. Se tendr\u00e1 en cuenta el r\u00e9gimen de incompatibilidades del Estatuto Docente ART\u00cdCULO 28\u00b0.<\/li>\n\n\n\n<li>No recibir alg\u00fan beneficio jubilatorio.<\/li>\n\n\n\n<li>5 a\u00f1os de antig\u00fcedad m\u00ednima en la docencia.<\/li>\n\n\n\n<li>Cursos y capacitaci\u00f3n que manifiesten no sean de m\u00e1s de 5 a\u00f1os de actualizaci\u00f3n.<\/li>\n\n\n\n<li>Propuesta pedag\u00f3gica enmarcada en el Dise\u00f1o Curricular de la Carrera a presentar y los contenidos m\u00ednimos que se establecen:<\/li>\n\n\n\n<li>Tecnicatura Superior en Bibliotecolog\u00eda&nbsp;<a href=\"https:\/\/drive.google.com\/file\/d\/0B9-l02IFqJANeE1aeXlzdVJuMUk\/view?resourcekey=0-4HPP_vN81vu96v3HZ0d9oQ\">RESOLUCI\u00d3N N\u00b0 6163\/09<\/a><\/li>\n<\/ul>\n\n\n\n<p><strong>Elementos m\u00ednimos de la PROPUESTA PEDAG\u00d3GICA<\/strong><\/p>\n\n\n\n<p>\u2013 Fundamentaci\u00f3n (Justificaci\u00f3n de la propuesta a la luz de los marcos te\u00f3ricos pertinentes).<\/p>\n\n\n\n<p>\u2013 Prop\u00f3sitos \/ Objetivos.<\/p>\n\n\n\n<p>\u2013 Contenidos y desarrollo<\/p>\n\n\n\n<p>\u2013 Estrategias de ense\u00f1anza<\/p>\n\n\n\n<p>\u2013 Recursos y material bibliogr\u00e1fico<\/p>\n\n\n\n<p>\u2013 Evaluaci\u00f3n<\/p>\n\n\n\n<p>\u2013 Bibliograf\u00eda<\/p>\n","protected":false},"excerpt":{"rendered":"<p>Los que deseen postularse, enviar un mail con el Asunto: CONVOCATORIA ASIGNATURAS BIBLIO a inscripcionmignone@gmail.com&nbsp; y adjuntar la documentaci\u00f3n (con presentaci\u00f3n del proyecto pedag\u00f3gico) solicitada en archivo PDF \u00f3 JPG o de ser muy pesado, por enlace de GOOGLE DRIVE. Si los aspirantes re\u00fanen las condiciones, acceder\u00e1n a una entrevista con fecha a confirmar. NUEVA &#8230; <a title=\"Convocatoria a coberturas de cargos docentes para la Tecnicatura Superior en Bibliotecolog\u00eda 2023\" class=\"read-more\" href=\"https:\/\/institutoemignone-bue.infd.edu.ar\/sitio\/convocatoria-a-coberturas-de-cargos-docentes-para-la-tecnicatura-superior-en-bibliotecologia-2023\/\" aria-label=\"More on Convocatoria a coberturas de cargos docentes para la Tecnicatura Superior en Bibliotecolog\u00eda 2023\">[+]<\/a><\/p>\n","protected":false},"author":1415,"featured_media":0,"comment_status":"open","ping_status":"open","sticky":false,"template":"","format":"standard","meta":[],"categories":[7,6],"tags":[43,33],"acf":[],"_links":{"self":[{"href":"https:\/\/institutoemignone-bue.infd.edu.ar\/sitio\/wp-json\/wp\/v2\/posts\/1787"}],"collection":[{"href":"https:\/\/institutoemignone-bue.infd.edu.ar\/sitio\/wp-json\/wp\/v2\/posts"}],"about":[{"href":"https:\/\/institutoemignone-bue.infd.edu.ar\/sitio\/wp-json\/wp\/v2\/types\/post"}],"author":[{"embeddable":true,"href":"https:\/\/institutoemignone-bue.infd.edu.ar\/sitio\/wp-json\/wp\/v2\/users\/1415"}],"replies":[{"embeddable":true,"href":"https:\/\/institutoemignone-bue.infd.edu.ar\/sitio\/wp-json\/wp\/v2\/comments?post=1787"}],"version-history":[{"count":5,"href":"https:\/\/institutoemignone-bue.infd.edu.ar\/sitio\/wp-json\/wp\/v2\/posts\/1787\/revisions"}],"predecessor-version":[{"id":1849,"href":"https:\/\/institutoemignone-bue.infd.edu.ar\/sitio\/wp-json\/wp\/v2\/posts\/1787\/revisions\/1849"}],"wp:attachment":[{"href":"https:\/\/institutoemignone-bue.infd.edu.ar\/sitio\/wp-json\/wp\/v2\/media?parent=1787"}],"wp:term":[{"taxonomy":"category","embeddable":true,"href":"https:\/\/institutoemignone-bue.infd.edu.ar\/sitio\/wp-json\/wp\/v2\/categories?post=1787"},{"taxonomy":"post_tag","embeddable":true,"href":"https:\/\/institutoemignone-bue.infd.edu.ar\/sitio\/wp-json\/wp\/v2\/tags?post=1787"}],"curies":[{"name":"wp","href":"https:\/\/api.w.org\/{rel}","templated":true}]}}