{"id":1783,"date":"2023-03-01T22:21:03","date_gmt":"2023-03-02T01:21:03","guid":{"rendered":"https:\/\/institutoemignone-bue.infd.edu.ar\/sitio\/?p=1783"},"modified":"2023-03-01T22:21:04","modified_gmt":"2023-03-02T01:21:04","slug":"en-memoria-de-la-profesora-claudia-vazquez","status":"publish","type":"post","link":"https:\/\/institutoemignone-bue.infd.edu.ar\/sitio\/en-memoria-de-la-profesora-claudia-vazquez\/","title":{"rendered":"En memoria de la profesora Claudia Vazquez"},"content":{"rendered":"\n<p>\u00a0\u00a0\u00a0\u00a0\u00a0Una inesperada p\u00e9rdida entristeci\u00f3 a la comunidad del Instituto Mignone: el 22 de febrero del corriente a\u00f1o: el fallecimiento de la Profesora Claudia Vazquez, quien\u00a0 ejerci\u00f3 como docente de las Tecnicaturas Superiores de Servicios Gastron\u00f3micos, Gesti\u00f3n Cultural y Relaciones P\u00fablicas. Reconocida por\u00a0 estudiantes, compa\u00f1eros\u00a0 del Instituto\u00a0 por su profesionalidad, humildad y humanismo, entre\u00a0 otros tantos valores.<\/p>\n\n\n\n<p>\u00a0\u00a0\u00a0Queremos expresar nuestro m\u00e1s sentido p\u00e9same a su familia y amigos, y al mismo tiempo, compartir los siguientes\u00a0 mensajes que en memoria de la Prof. Claudia redactaron\u00a0 profesores y estudiantes.\u00a0<\/p>\n\n\n\n<p class=\"has-text-align-center\"><strong><img decoding=\"async\" loading=\"lazy\" width=\"236\" height=\"354\" src=\"https:\/\/lh4.googleusercontent.com\/HayCmczVMB0viov_TZMFOr7gVYQuFMZhBsdy9RFk2HUGoregkdP4nIqZdPmCV8bAKvWgG1zaS4CiDHJpdr5I3IKFwlyorJfBlSbLk59TcP_gwTSoDykgNQ-OQsNTbo2JA7D7KlHSwbazdJ2M1DlXG8U\"><\/strong><\/p>\n\n\n\n<figure class=\"wp-block-table\"><table><tbody><tr><td><strong>Gesti\u00f3n Cultural\u00a0<\/strong><\/td><\/tr><tr><td>Excelente profesora! Super comprometida con la materia y con los estudiantes.Que tristeza, fue un pilar re importante para la carrera. No lo puedo creer.\u00a0 Abrazo fuerte a su familia<br><br>Excelente profesora, humanamente de lo mejor.\u00a0<br><br>Imposible. Incre\u00edble. Il\u00f3gica. As\u00ed es tu partida, y as\u00ed de dif\u00edcil es escribir algo con sentido. Imposible, incre\u00edble e il\u00f3gica.De todo aquello que podr\u00eda decir, s\u00f3lo deseo desterrar las primeras tres palabras de este texto, porque sus opuestos, son algunas de las virtudes que reluc\u00eda Claudia.Posible. Todo era posible, en la b\u00fasqueda comprometida por mejorar d\u00eda a d\u00eda en su espacio como docente.Cre\u00edble. Claudia era cre\u00edble. Transparente. Honesta. L\u00f3gica. Porque siendo una persona hermosa, es una cuesti\u00f3n l\u00f3gica que a su alrededor generara respeto y admiraci\u00f3n. Sobran los silencios, faltan las palabras. Pero cada espacio de memoria de tu compromiso, servir\u00e1 para darle un poco de equilibrio a la balanza que, por momentos, parece estar mal inclinada.<\/td><\/tr><\/tbody><\/table><\/figure>\n\n\n\n<figure class=\"wp-block-table\"><table><tbody><tr><td><strong>Gastronom\u00eda\u00a0<\/strong><\/td><\/tr><tr><td>No le pude agradecer todo lo que me ayud\u00f3, pero me quedo con su profesionalismo, lo divertido de sus clases, muy amable y paciente sobretodo, c\u00f3mo brindaba apoyo a c\/u en cada situaci\u00f3n.<br>\u00a0Si puede decirle a la familia que le otorgo mi p\u00e9same y que espero los acompa\u00f1e en sus vidas\u00a0 como nos acompa\u00f1o ella a nosotros con tanto cari\u00f1o. Que privilegio ser su alumno, ojal\u00e1 pudiera pasar a despedirla.\u00a0\u00a0\u00a0\u00a0\u00a0\u00a0\u00a0\u00a0\u00a0\u00a0\u00a0\u00a0\u00a0\u00a0\u00a0\u00a0<br>\u00a0\u00a0Lucas T. alumno<br><br>Por favor\u00a0 pidamos\u00a0 en oraci\u00f3n &#x1f64f; a Dios la reciba para que tenga su descanso eterno!!!! Y recordemosla como un ser con mucha luz\u2026. Ella hoy parti\u00f3 pero nos dej\u00f3 su hermoso recuerdo\u2026.. que en paz descanse!!!!!\u00a0\u00a0<br>\u00a0\u00a0\u00a0\u00a0\u00a0\u00a0\u00a0\u00a0Carolina M. exalumna<br><br>No puede ser verdad!!! Un ser tan lleno de luz, inmejorable persona!! Qu\u00e9 tristeza!!!!\u00a0\u00a0\u00a0\u00a0\u00a0\u00a0\u00a0\u00a0\u00a0\u00a0\u00a0\u00a0<br>\u00a0Silvina N. docente<br>QEPD\u00a0 una excelente persona.\u00a0\u00a0\u00a0\u00a0\u00a0\u00a0\u00a0\u00a0\u00a0\u00a0\u00a0\u00a0<br>Javier P. docente<br><br>Muy triste. Lo lamento mucho.\u00a0\u00a0\u00a0\u00a0\u00a0\u00a0\u00a0\u00a0\u00a0\u00a0\u00a0<br>Gabriel K. docente<br><br>Mi Dios, cu\u00e1nta tristeza. De las mejores profes que tuvimos en el instituto. Tantos buenos recuerdos\u2026\u00a0\u00a0\u00a0\u00a0\u00a0\u00a0\u00a0\u00a0\u00a0\u00a0\u00a0<br>Roberto K. exalumno<br><br>Que descanse en paz! No puedo creerlo.\u00a0\u00a0\u00a0\u00a0\u00a0\u00a0\u00a0\u00a0\u00a0\u00a0<br>Claudio B. alumno<br><br>Re joven, pobre Clau, pobre familia &#x1f97a; tan buena siempre!! Una gran p\u00e9rdida para el instituto, excelente profe &#x1f614;\u00a0\u00a0\u00a0\u00a0\u00a0\u00a0\u00a0\u00a0\u00a0\u00a0\u00a0\u00a0\u00a0<br>Paula G. exalumna<br><br><img decoding=\"async\" loading=\"lazy\" width=\"186\" height=\"140\" src=\"https:\/\/lh3.googleusercontent.com\/w4UL5h2zcmtuWH0tYjsL7BZpgE11UD1J_E0l2xHTioPb0xRBtdMKNgRpnDu31qaWnCw4O0Y1586brwmacuD3714GuWIxBQgVO2FMZZdqj-Q1rBUg4a7IYA_4LsLRw1n6yHBIYbeQ4TDoOrpzuOnN38k\">Hermoso recuerdo!!! Cu\u00e1nta tristeza .\u00a0\u00a0\u00a0\u00a0\u00a0\u00a0\u00a0\u00a0\u00a0\u00a0<br>Andrea C. exalumna<br><br>Que la tierra se vaya haciendo camino ante tus pasos. Que el viento sople siempre a tus espaldas. Que el sol brille c\u00e1lido sobre tu rostro. Que la lluvia caiga suavemente sobre tus campos\u00a0Y hasta tanto volvamos a encontrarnos.Dios te guarde en la palma de sus manos.Antigua bendici\u00f3n irlandesa\u00a0\u00a0\u00a0\u00a0\u00a0\u00a0\u00a0\u00a0\u00a0\u00a0\u00a0\u00a0\u00a0\u00a0\u00a0\u00a0<br>Silvna N. docente<br><br>Nuestra \u00faltima mesa de ex\u00e1menes fue compartida hace apenas 2 meses , tu sonrisa calma, tus palabras justas, tu templanza, te lo dije muchas veces, \u201cte admiro, no se como haces para tener tanta paciencia\u201d.\u00a0Casi 20 a\u00f1os compartidos, de noches fr\u00edas de invierno con la misma campera negra que tanto nos hac\u00eda re\u00edr, de alumnos, de experiencias, de hijos, del cl\u00e1sico de los martes a la noche \u201cque vas a cocinar Vazquez hoy as\u00ed me copio\u201d, de ex\u00e1menes finales Vazquez-Cortes, Cortes-Vazquez, completabas mis planillas y los libros actas (nunca te olvidabas los anteojos), dejaste huella Clau, se queda mucho de vos con nosotras.\u00a0\u00a0\u00a0\u00a0\u00a0\u00a0\u00a0\u00a0\u00a0\u00a0\u00a0\u00a0\u00a0\u00a0\u00a0\u00a0\u00a0\u00a0\u00a0\u00a0\u00a0\u00a0\u00a0\u00a0\u00a0\u00a0\u00a0\u00a0\u00a0\u00a0\u00a0\u00a0\u00a0\u00a0\u00a0\u00a0\u00a0\u00a0\u00a0\u00a0\u00a0\u00a0\u00a0\u00a0<br>Silvia C. docente<br><br>Claudia gracias por tu responsabilidad, gracias por tu trato amoroso hacia los alumnos, gracias porque transformaste tus materias dif\u00edciles en posibles, gracias porque los chicos siempre agradecieron tu forma de ocuparte de ellos (en pandemia te esmeraste para buscarle y encontrarle la vuelta, para que puedan entender y aprender los conceptos,\u00a0 gracias por todas las oportunidades que les regalaste, gracias por tu camiseta por la educaci\u00f3n p\u00fablica, gracias por ser una profe modelo, gracias por tu simpleza, honestidad, responsabilidad, por ser divertida, cauta. Gracias por haber marcado el camino..\u00a0Que brille para vos, la luz que no tiene fin..\u00a0\u00a0\u00a0\u00a0\u00a0\u00a0\u00a0\u00a0\u00a0\u00a0\u00a0\u00a0\u00a0\u00a0\u00a0\u00a0\u00a0<br>Silvina D. docente y coordinadora<\/td><\/tr><\/tbody><\/table><\/figure>\n\n\n\n<figure class=\"wp-block-table\"><table><tbody><tr><td><strong>Relaciones p\u00fablicas<\/strong><\/td><\/tr><tr><td>Querida Claudia&#8230; una vez m\u00e1s nos vemos privados en este mundo de una persona tan especial como vos. A\u00fan no puedo convencerme y pensar en tu ausencia permanente. Era muy bueno compartir tiempo, conversaciones, intercambiar ideas contigo. Siempre dispuesta, solidaria, excelente compa\u00f1era. Una persona bondadosa, valiosa, c\u00e1lida y emp\u00e1tica con sus semejantes. Donde est\u00e9s, siempre tendr\u00e1s un lugar en la vida del que aprendi\u00f3 y tuvo la suerte de conocerte. Querida Claudia, brilla en la m\u00e1s alta estrella del firmamento&#8230; porque siempre fuiste y ser\u00e1s luz\u2026<br>Siempre se la ve\u00eda de buen humor y con la mejor predisposici\u00f3n y con ganas de trabajar. Vamos a extra\u00f1ar sus sonrisas, su don de gente y su incansable compa\u00f1erismo.<br><br><\/td><\/tr><\/tbody><\/table><\/figure>\n","protected":false},"excerpt":{"rendered":"<p>\u00a0\u00a0\u00a0\u00a0\u00a0Una inesperada p\u00e9rdida entristeci\u00f3 a la comunidad del Instituto Mignone: el 22 de febrero del corriente a\u00f1o: el fallecimiento de la Profesora Claudia Vazquez, quien\u00a0 ejerci\u00f3 como docente de las Tecnicaturas Superiores de Servicios Gastron\u00f3micos, Gesti\u00f3n Cultural y Relaciones P\u00fablicas. Reconocida por\u00a0 estudiantes, compa\u00f1eros\u00a0 del Instituto\u00a0 por su profesionalidad, humildad y humanismo, entre\u00a0 otros tantos &#8230; <a title=\"En memoria de la profesora Claudia Vazquez\" class=\"read-more\" href=\"https:\/\/institutoemignone-bue.infd.edu.ar\/sitio\/en-memoria-de-la-profesora-claudia-vazquez\/\" aria-label=\"More on En memoria de la profesora Claudia Vazquez\">[+]<\/a><\/p>\n","protected":false},"author":165,"featured_media":0,"comment_status":"open","ping_status":"open","sticky":false,"template":"","format":"standard","meta":[],"categories":[7,6],"tags":[],"acf":[],"_links":{"self":[{"href":"https:\/\/institutoemignone-bue.infd.edu.ar\/sitio\/wp-json\/wp\/v2\/posts\/1783"}],"collection":[{"href":"https:\/\/institutoemignone-bue.infd.edu.ar\/sitio\/wp-json\/wp\/v2\/posts"}],"about":[{"href":"https:\/\/institutoemignone-bue.infd.edu.ar\/sitio\/wp-json\/wp\/v2\/types\/post"}],"author":[{"embeddable":true,"href":"https:\/\/institutoemignone-bue.infd.edu.ar\/sitio\/wp-json\/wp\/v2\/users\/165"}],"replies":[{"embeddable":true,"href":"https:\/\/institutoemignone-bue.infd.edu.ar\/sitio\/wp-json\/wp\/v2\/comments?post=1783"}],"version-history":[{"count":1,"href":"https:\/\/institutoemignone-bue.infd.edu.ar\/sitio\/wp-json\/wp\/v2\/posts\/1783\/revisions"}],"predecessor-version":[{"id":1784,"href":"https:\/\/institutoemignone-bue.infd.edu.ar\/sitio\/wp-json\/wp\/v2\/posts\/1783\/revisions\/1784"}],"wp:attachment":[{"href":"https:\/\/institutoemignone-bue.infd.edu.ar\/sitio\/wp-json\/wp\/v2\/media?parent=1783"}],"wp:term":[{"taxonomy":"category","embeddable":true,"href":"https:\/\/institutoemignone-bue.infd.edu.ar\/sitio\/wp-json\/wp\/v2\/categories?post=1783"},{"taxonomy":"post_tag","embeddable":true,"href":"https:\/\/institutoemignone-bue.infd.edu.ar\/sitio\/wp-json\/wp\/v2\/tags?post=1783"}],"curies":[{"name":"wp","href":"https:\/\/api.w.org\/{rel}","templated":true}]}}