{"id":1771,"date":"2023-02-28T20:30:57","date_gmt":"2023-02-28T23:30:57","guid":{"rendered":"https:\/\/institutoemignone-bue.infd.edu.ar\/sitio\/?p=1771"},"modified":"2023-03-14T10:28:02","modified_gmt":"2023-03-14T13:28:02","slug":"convocatoria-a-cobertura-de-cargo-docente-para-la-asignatura-taller-de-derechos-humanos","status":"publish","type":"post","link":"https:\/\/institutoemignone-bue.infd.edu.ar\/sitio\/convocatoria-a-cobertura-de-cargo-docente-para-la-asignatura-taller-de-derechos-humanos\/","title":{"rendered":"Convocatoria a cobertura de cargo docente para la asignatura Taller de Derechos Humanos 2023"},"content":{"rendered":"\n<p><\/p>\n\n\n\n<p><strong>Los que deseen postularse<\/strong>, enviar un mail con el Asunto: CONVOCATORIA ASIGNATURAS GASTRO a inscripcionmignone@gmail.com&nbsp; y adjuntar la documentaci\u00f3n (con presentaci\u00f3n del proyecto) solicitada en archivo PDF \u00f3 JPG o de ser muy pesado, por enlace de GOOGLE DRIVE. Si los aspirantes re\u00fanen las condiciones, acceder\u00e1n a una entrevista con fecha a confirmar.<\/p>\n\n\n\n<p><strong>Asignatura:\u00a0 TALLER DE DERECHOS HUMANOS. <\/strong>2 horas c\u00e1tedras.\u00a0<strong>CERRADA LA CONVOCATORIA<\/strong><\/p>\n\n\n\n<p>Carrera en la que se dicta: <strong>TECNICATURA SUPERIOR EN SERVICIOS GASTRON\u00d3MICOS.<\/strong><\/p>\n\n\n\n<ul>\n<li>D\u00edas y horarios:&nbsp;Viernes 17.30 a 18.50 hs.<\/li>\n\n\n\n<li>T\u00edtulo de base: Profesor de Historia. Abogado.&nbsp;<\/li>\n\n\n\n<li>Fecha de\u00a0 entrega de documentaci\u00f3n y proyecto:<strong> hasta el 7 de marzo de 2023.<\/strong> <strong>CERRADA<\/strong><\/li>\n<\/ul>\n\n\n\n<p><strong>REQUISITOS:<\/strong><\/p>\n\n\n\n<p><strong>INSCRIPCI\u00d3N:<\/strong><\/p>\n\n\n\n<p><strong>Documentaci\u00f3n a entregar:<\/strong><\/p>\n\n\n\n<ul>\n<li><strong>DNI<\/strong><\/li>\n\n\n\n<li><strong>Constancia CUIL\/CUIT<\/strong><\/li>\n\n\n\n<li><strong>T\u00edtulo habilitante<\/strong><\/li>\n\n\n\n<li><strong>Curriculum Vitae (en el cual debe constar: t\u00edtulos, cursos y capacitaciones dictadas y realizadas, publicaciones, experiencia docente y profesional comprobable, entre otros)<\/strong><\/li>\n\n\n\n<li><strong>Presentaci\u00f3n de la declaraci\u00f3n jurada de cargos del \u00e1mbito estatal y privado. Se tendr\u00e1 en cuenta el r\u00e9gimen de incompatibilidades del Estatuto Docente ART\u00cdCULO 28\u00b0.<\/strong><\/li>\n\n\n\n<li><strong>No recibir alg\u00fan beneficio jubilatorio.<\/strong><\/li>\n\n\n\n<li><strong>5 a\u00f1os de antig\u00fcedad m\u00ednima en la docencia (no excluyente). <\/strong><\/li>\n\n\n\n<li><strong>Cursos y capacitaci\u00f3n que manifiesten que no sean de m\u00e1s de 5 a\u00f1os de actualizaci\u00f3n.<\/strong><\/li>\n\n\n\n<li><strong>Propuesta pedag\u00f3gica deber\u00e1 contar con los siguientes contenidos m\u00ednimos: Los Derechos Fundamentales del Hombre. Derechos Humanos. Marco Constitucional. Ciudadan\u00eda. Los derechos humanos en Argentina. Los organismos de Derechos Humanos. CELS. Figura de Emilio Mignone.&nbsp;<\/strong><\/li>\n<\/ul>\n\n\n\n<p><strong>Elementos m\u00ednimos de la PROPUESTA PEDAG\u00d3GICA<\/strong><\/p>\n\n\n\n<p><strong>\u2013 Fundamentaci\u00f3n (Justificaci\u00f3n de la propuesta a la luz de los marcos te\u00f3ricos pertinentes).<\/strong><\/p>\n\n\n\n<p><strong>\u2013 Prop\u00f3sitos \/ Objetivos.<\/strong><\/p>\n\n\n\n<p><strong>\u2013 Contenidos y desarrollo<\/strong><\/p>\n\n\n\n<p><strong>\u2013 Estrategias de ense\u00f1anza<\/strong><\/p>\n\n\n\n<p><strong>\u2013 Recursos y material bibliogr\u00e1fico<\/strong><\/p>\n\n\n\n<p><strong>\u2013 Evaluaci\u00f3n<\/strong><\/p>\n\n\n\n<p><strong>\u2013 Bibliograf\u00eda<\/strong><\/p>\n","protected":false},"excerpt":{"rendered":"<p>Los que deseen postularse, enviar un mail con el Asunto: CONVOCATORIA ASIGNATURAS GASTRO a inscripcionmignone@gmail.com&nbsp; y adjuntar la documentaci\u00f3n (con presentaci\u00f3n del proyecto) solicitada en archivo PDF \u00f3 JPG o de ser muy pesado, por enlace de GOOGLE DRIVE. Si los aspirantes re\u00fanen las condiciones, acceder\u00e1n a una entrevista con fecha a confirmar. Asignatura:\u00a0 TALLER &#8230; <a title=\"Convocatoria a cobertura de cargo docente para la asignatura Taller de Derechos Humanos 2023\" class=\"read-more\" href=\"https:\/\/institutoemignone-bue.infd.edu.ar\/sitio\/convocatoria-a-cobertura-de-cargo-docente-para-la-asignatura-taller-de-derechos-humanos\/\" aria-label=\"More on Convocatoria a cobertura de cargo docente para la asignatura Taller de Derechos Humanos 2023\">[+]<\/a><\/p>\n","protected":false},"author":1415,"featured_media":0,"comment_status":"open","ping_status":"open","sticky":false,"template":"","format":"standard","meta":[],"categories":[7,6],"tags":[],"acf":[],"_links":{"self":[{"href":"https:\/\/institutoemignone-bue.infd.edu.ar\/sitio\/wp-json\/wp\/v2\/posts\/1771"}],"collection":[{"href":"https:\/\/institutoemignone-bue.infd.edu.ar\/sitio\/wp-json\/wp\/v2\/posts"}],"about":[{"href":"https:\/\/institutoemignone-bue.infd.edu.ar\/sitio\/wp-json\/wp\/v2\/types\/post"}],"author":[{"embeddable":true,"href":"https:\/\/institutoemignone-bue.infd.edu.ar\/sitio\/wp-json\/wp\/v2\/users\/1415"}],"replies":[{"embeddable":true,"href":"https:\/\/institutoemignone-bue.infd.edu.ar\/sitio\/wp-json\/wp\/v2\/comments?post=1771"}],"version-history":[{"count":9,"href":"https:\/\/institutoemignone-bue.infd.edu.ar\/sitio\/wp-json\/wp\/v2\/posts\/1771\/revisions"}],"predecessor-version":[{"id":1825,"href":"https:\/\/institutoemignone-bue.infd.edu.ar\/sitio\/wp-json\/wp\/v2\/posts\/1771\/revisions\/1825"}],"wp:attachment":[{"href":"https:\/\/institutoemignone-bue.infd.edu.ar\/sitio\/wp-json\/wp\/v2\/media?parent=1771"}],"wp:term":[{"taxonomy":"category","embeddable":true,"href":"https:\/\/institutoemignone-bue.infd.edu.ar\/sitio\/wp-json\/wp\/v2\/categories?post=1771"},{"taxonomy":"post_tag","embeddable":true,"href":"https:\/\/institutoemignone-bue.infd.edu.ar\/sitio\/wp-json\/wp\/v2\/tags?post=1771"}],"curies":[{"name":"wp","href":"https:\/\/api.w.org\/{rel}","templated":true}]}}