{"id":1766,"date":"2023-02-22T18:19:22","date_gmt":"2023-02-22T21:19:22","guid":{"rendered":"https:\/\/institutoemignone-bue.infd.edu.ar\/sitio\/?p=1766"},"modified":"2023-02-22T18:19:23","modified_gmt":"2023-02-22T21:19:23","slug":"inscripcion-a-mesas-de-examenes-marzo-2023-y-cronograma-de-horarios","status":"publish","type":"post","link":"https:\/\/institutoemignone-bue.infd.edu.ar\/sitio\/inscripcion-a-mesas-de-examenes-marzo-2023-y-cronograma-de-horarios\/","title":{"rendered":"Inscripci\u00f3n a mesas de ex\u00e1menes marzo 2023 y cronograma de horarios"},"content":{"rendered":"\n<p>A partir del<strong> d\u00eda de hoy y <\/strong><strong>hasta el 28 de febrero <\/strong>podr\u00e1n realizar la<strong> inscripci\u00f3n a las mesas de <\/strong>ex\u00e1menes regulares y libres correspondientes al llamado de <strong>feb-marzo 2023<\/strong><strong> <\/strong>para las asignaturas de las carreras del Profesorado de Educaci\u00f3n F\u00edsica, Tecnicaturas Superiores de Bibliotecolog\u00eda, Gesti\u00f3n Cultural, Dise\u00f1o y Producci\u00f3n de Indumentaria, Relaciones P\u00fablicas y Ceremonial y Servicios Gastron\u00f3micos.<\/p>\n\n\n\n<p><strong>ENLACES A LAS FECHAS Y HORARIOS DE MESAS DE EXAMEN POR CARRERA<\/strong><\/p>\n\n\n\n<ul>\n<li>\u2013> <a href=\"https:\/\/drive.google.com\/drive\/folders\/15yHcA6rD7GBIkkgTaT5O45QmQDF5kzRj?usp=sharing\"><strong>ENLACE<\/strong>\u00a0<\/a> (hacer click en la palabra ENLACE)\u00a0<\/li>\n<\/ul>\n\n\n\n<p><strong>ENLACES A LAS PLANILLAS DE INSCRIPCI\u00d3N (hacer click en la carrera correspondiente)<\/strong><\/p>\n\n\n\n<ul>\n<li><a href=\"https:\/\/docs.google.com\/forms\/d\/e\/1FAIpQLSecrep5C2hcsbu8sD8_ZDPk8oqKVN56PT3QGSNvvn_ELgYR6A\/viewform\">Profesorado de Educaci\u00f3n F\u00edsica.<\/a><\/li>\n\n\n\n<li><a href=\"https:\/\/docs.google.com\/forms\/d\/e\/1FAIpQLScRJ19Osi5yAOUtt-7oqBLNHIAPRKUx5XMB7heR8yQpivc0AA\/viewform\">Tecnicatura Superior en Bibliotecolog\u00eda.<\/a><\/li>\n\n\n\n<li><a href=\"https:\/\/docs.google.com\/forms\/d\/e\/1FAIpQLSefF4ZiER4EjGki-DdhVtbQclxmpHm29nl-7PylMgxyaZFKlg\/viewform\">Tecnicatura Superior en Dise\u00f1o de Indumentaria y Textil<\/a><\/li>\n\n\n\n<li><a href=\"https:\/\/docs.google.com\/forms\/d\/e\/1FAIpQLSeS41PKjZJqejKo-VpskVI5II2NrbAsbxmTp_QKoc_lm18eug\/viewform\">Tecnicatura Superior en Gesti\u00f3n Cultural.<\/a><\/li>\n\n\n\n<li><a href=\"https:\/\/docs.google.com\/forms\/d\/e\/1FAIpQLSf8BnV1HZX-Wvmj-bV2lk35xY8DPYbgHfKBTUXzmK959uqudw\/viewform\">Tecnicatura Superior en Relaciones P\u00fablicas, Ceremonial y Protocolo.<\/a><\/li>\n\n\n\n<li><a href=\"https:\/\/docs.google.com\/forms\/d\/e\/1FAIpQLSddp1oMROT5_LDE1hIYP7cTrmzU8gkhewoRURdqWmIyU7mDow\/viewform\">Tecnicatura Superior en Servicios Gastron\u00f3micos.<\/a><\/li>\n<\/ul>\n\n\n\n<p><strong>IMPORTANTE<\/strong>:<\/p>\n\n\n\n<ul>\n<li>Deber\u00e1n anotarse en<strong> todas <\/strong>las asignaturas que deseen rendir.&nbsp;<\/li>\n<\/ul>\n\n\n\n<ul>\n<li>En el caso de las Tecnicaturas, cada estudiante deber\u00e1 completar <strong>un<\/strong> formulario por asignatura. (no aplica a Educaci\u00f3n&nbsp; F\u00edsica)<\/li>\n<\/ul>\n\n\n\n<ul>\n<li><strong>Cada estudiante ser\u00e1 responsable <\/strong>de inscribirse de acuerdo al <strong>r\u00e9gimen de correlatividades<\/strong> de su <strong>plan de estudios<\/strong> y al <strong>R\u00e9gimen Acad\u00e9mico<\/strong> (Resoluci\u00f3n 4043\/09).&nbsp;<\/li>\n<\/ul>\n\n\n\n<p>Se recuerda a aquellos estudiantes que deban rendir ex\u00e1menes<strong> finales de materias correlativas, que deber\u00e1n aprobar primero la asignatura condicionante para luego presentarte a rendir su correlativa.&nbsp; Sin excepciones.<\/strong> (ej: si deben rendir \u201cHistoria I\u201d e \u201cHistoria dos I\u201d, deben inscribirse para ambas asignaturas)<\/p>\n\n\n\n<ul>\n<li><strong>Ex\u00e1menes Libres:<\/strong> se recuerda que para las materias de cursada anual las fechas de ex\u00e1menes libres se llevan a cabo en los llamados de noviembre\/diciembre 2022 y feb\/marzo 2023, <strong>s\u00f3lo podr\u00e1n presentarse quienes hayan optado por esta modalidad en la inscripci\u00f3n anual a la cursada 2022.<\/strong><\/li>\n<\/ul>\n\n\n\n<ul>\n<li><strong>No se aceptar\u00e1n inscripciones fuera de fecha<\/strong><\/li>\n<\/ul>\n","protected":false},"excerpt":{"rendered":"<p>A partir del d\u00eda de hoy y hasta el 28 de febrero podr\u00e1n realizar la inscripci\u00f3n a las mesas de ex\u00e1menes regulares y libres correspondientes al llamado de feb-marzo 2023 para las asignaturas de las carreras del Profesorado de Educaci\u00f3n F\u00edsica, Tecnicaturas Superiores de Bibliotecolog\u00eda, Gesti\u00f3n Cultural, Dise\u00f1o y Producci\u00f3n de Indumentaria, Relaciones P\u00fablicas y &#8230; <a title=\"Inscripci\u00f3n a mesas de ex\u00e1menes marzo 2023 y cronograma de horarios\" class=\"read-more\" href=\"https:\/\/institutoemignone-bue.infd.edu.ar\/sitio\/inscripcion-a-mesas-de-examenes-marzo-2023-y-cronograma-de-horarios\/\" aria-label=\"More on Inscripci\u00f3n a mesas de ex\u00e1menes marzo 2023 y cronograma de horarios\">[+]<\/a><\/p>\n","protected":false},"author":165,"featured_media":0,"comment_status":"open","ping_status":"open","sticky":false,"template":"","format":"standard","meta":[],"categories":[8,7,6],"tags":[38,28],"acf":[],"_links":{"self":[{"href":"https:\/\/institutoemignone-bue.infd.edu.ar\/sitio\/wp-json\/wp\/v2\/posts\/1766"}],"collection":[{"href":"https:\/\/institutoemignone-bue.infd.edu.ar\/sitio\/wp-json\/wp\/v2\/posts"}],"about":[{"href":"https:\/\/institutoemignone-bue.infd.edu.ar\/sitio\/wp-json\/wp\/v2\/types\/post"}],"author":[{"embeddable":true,"href":"https:\/\/institutoemignone-bue.infd.edu.ar\/sitio\/wp-json\/wp\/v2\/users\/165"}],"replies":[{"embeddable":true,"href":"https:\/\/institutoemignone-bue.infd.edu.ar\/sitio\/wp-json\/wp\/v2\/comments?post=1766"}],"version-history":[{"count":1,"href":"https:\/\/institutoemignone-bue.infd.edu.ar\/sitio\/wp-json\/wp\/v2\/posts\/1766\/revisions"}],"predecessor-version":[{"id":1767,"href":"https:\/\/institutoemignone-bue.infd.edu.ar\/sitio\/wp-json\/wp\/v2\/posts\/1766\/revisions\/1767"}],"wp:attachment":[{"href":"https:\/\/institutoemignone-bue.infd.edu.ar\/sitio\/wp-json\/wp\/v2\/media?parent=1766"}],"wp:term":[{"taxonomy":"category","embeddable":true,"href":"https:\/\/institutoemignone-bue.infd.edu.ar\/sitio\/wp-json\/wp\/v2\/categories?post=1766"},{"taxonomy":"post_tag","embeddable":true,"href":"https:\/\/institutoemignone-bue.infd.edu.ar\/sitio\/wp-json\/wp\/v2\/tags?post=1766"}],"curies":[{"name":"wp","href":"https:\/\/api.w.org\/{rel}","templated":true}]}}