{"id":1764,"date":"2023-02-21T21:17:44","date_gmt":"2023-02-22T00:17:44","guid":{"rendered":"https:\/\/institutoemignone-bue.infd.edu.ar\/sitio\/?p=1764"},"modified":"2023-02-21T21:17:44","modified_gmt":"2023-02-22T00:17:44","slug":"cronograma-para-el-taller-de-ingreso-para-aspirantes-pef-2023","status":"publish","type":"post","link":"https:\/\/institutoemignone-bue.infd.edu.ar\/sitio\/cronograma-para-el-taller-de-ingreso-para-aspirantes-pef-2023\/","title":{"rendered":"Cronograma para el Taller de Ingreso para aspirantes PEF 2023"},"content":{"rendered":"\n<p>Informaci\u00f3n sobre el cronograma para quienes completaron en calidad de aspirantes la entrega de documentaci\u00f3n en tiempo y forma en las fechas anteriores. Para corroborar su acceso deber\u00e1n chequear su mail para ingresar al campus virtual.<\/p>\n\n\n\n<figure class=\"wp-block-table\"><table><tbody><tr><td><strong>TALLER DE INGRESO PARA ASPIRANTES DE EDUCACI\u00d3N F\u00cdSICA 2023<\/strong><\/td><\/tr><tr><td><strong>DIA<\/strong><\/td><td><strong>TALLER<\/strong><\/td><td>&nbsp;<\/td><\/tr><tr><td><strong>MIERCOLES 22<\/strong><\/td><td>TALLER TIC &#8211; Virtual<\/td><td>&nbsp;<\/td><\/tr><tr><td><strong>JUEVES 23<\/strong><\/td><td>16.00 A 18.00 FORMARSE COMO DOCENTE<\/td><td>&nbsp;<\/td><\/tr><tr><td><strong>VIERNES 24<\/strong><\/td><td>16.00 A 18.00 CORPOREIDAD Y MOTRICIDAD<\/td><td>&nbsp;<\/td><\/tr><tr><td><strong>LUNES 27<\/strong><\/td><td>DIA DISPONIBLE PARA REPROGRACI\u00d3N<\/td><td>&nbsp;<\/td><\/tr><tr><td><strong>MARTES 28<\/strong><\/td><td>16.00 A 18.00 CORPOREIDAD Y SOCIOMOTRICIDAD<\/td><td>&nbsp;<\/td><\/tr><tr><td><strong>MIERCOLES 1<\/strong><\/td><td>DIA DISPONIBLE PARA REPROGRACI\u00d3N<\/td><td>&nbsp;<\/td><\/tr><tr><td><strong>JUEVES 2<\/strong><\/td><td>16.00 A 18.00 CORPOREIDAD Y SOCIOMOTRICIDAD EN EL AMBIENTE NATURAL<\/td><td>&nbsp;<\/td><\/tr><tr><td><strong>VIERNES 3<\/strong><\/td><td>DIA DISPONIBLE PARA REPROGRACI\u00d3N<\/td><td>&nbsp;<\/td><\/tr><\/tbody><\/table><\/figure>\n","protected":false},"excerpt":{"rendered":"<p>Informaci\u00f3n sobre el cronograma para quienes completaron en calidad de aspirantes la entrega de documentaci\u00f3n en tiempo y forma en las fechas anteriores. Para corroborar su acceso deber\u00e1n chequear su mail para ingresar al campus virtual. TALLER DE INGRESO PARA ASPIRANTES DE EDUCACI\u00d3N F\u00cdSICA 2023 DIA TALLER &nbsp; MIERCOLES 22 TALLER TIC &#8211; Virtual &nbsp; &#8230; <a title=\"Cronograma para el Taller de Ingreso para aspirantes PEF 2023\" class=\"read-more\" href=\"https:\/\/institutoemignone-bue.infd.edu.ar\/sitio\/cronograma-para-el-taller-de-ingreso-para-aspirantes-pef-2023\/\" aria-label=\"More on Cronograma para el Taller de Ingreso para aspirantes PEF 2023\">[+]<\/a><\/p>\n","protected":false},"author":165,"featured_media":0,"comment_status":"open","ping_status":"open","sticky":false,"template":"","format":"standard","meta":[],"categories":[7,6],"tags":[41,35,28,36],"acf":[],"_links":{"self":[{"href":"https:\/\/institutoemignone-bue.infd.edu.ar\/sitio\/wp-json\/wp\/v2\/posts\/1764"}],"collection":[{"href":"https:\/\/institutoemignone-bue.infd.edu.ar\/sitio\/wp-json\/wp\/v2\/posts"}],"about":[{"href":"https:\/\/institutoemignone-bue.infd.edu.ar\/sitio\/wp-json\/wp\/v2\/types\/post"}],"author":[{"embeddable":true,"href":"https:\/\/institutoemignone-bue.infd.edu.ar\/sitio\/wp-json\/wp\/v2\/users\/165"}],"replies":[{"embeddable":true,"href":"https:\/\/institutoemignone-bue.infd.edu.ar\/sitio\/wp-json\/wp\/v2\/comments?post=1764"}],"version-history":[{"count":1,"href":"https:\/\/institutoemignone-bue.infd.edu.ar\/sitio\/wp-json\/wp\/v2\/posts\/1764\/revisions"}],"predecessor-version":[{"id":1765,"href":"https:\/\/institutoemignone-bue.infd.edu.ar\/sitio\/wp-json\/wp\/v2\/posts\/1764\/revisions\/1765"}],"wp:attachment":[{"href":"https:\/\/institutoemignone-bue.infd.edu.ar\/sitio\/wp-json\/wp\/v2\/media?parent=1764"}],"wp:term":[{"taxonomy":"category","embeddable":true,"href":"https:\/\/institutoemignone-bue.infd.edu.ar\/sitio\/wp-json\/wp\/v2\/categories?post=1764"},{"taxonomy":"post_tag","embeddable":true,"href":"https:\/\/institutoemignone-bue.infd.edu.ar\/sitio\/wp-json\/wp\/v2\/tags?post=1764"}],"curies":[{"name":"wp","href":"https:\/\/api.w.org\/{rel}","templated":true}]}}