{"id":1754,"date":"2023-02-16T17:46:35","date_gmt":"2023-02-16T20:46:35","guid":{"rendered":"https:\/\/institutoemignone-bue.infd.edu.ar\/sitio\/?p=1754"},"modified":"2023-02-16T19:07:38","modified_gmt":"2023-02-16T22:07:38","slug":"convocatoria-para-cubrir-asignatura-de-de-la-carrera-de-tecnicatura-superior-en-gestion-cultural","status":"publish","type":"post","link":"https:\/\/institutoemignone-bue.infd.edu.ar\/sitio\/convocatoria-para-cubrir-asignatura-de-de-la-carrera-de-tecnicatura-superior-en-gestion-cultural\/","title":{"rendered":"Convocatoria para cubrir asignatura de de la carrera de Tecnicatura Superior en Gesti\u00f3n Cultural"},"content":{"rendered":"\n<p>Enviar un mail con el Asunto: CONVOCATORIA ASIGNATURA GESTI\u00d3N CULTURAL a inscripcionmignone@gmail.com y adjuntar la documentaci\u00f3n (con presentaci\u00f3n del proyecto y dem\u00e1s documentos enumerados debajo) solicitada en archivo PDF \u00f3 JPG, o de ser muy pesado, por enlace de GOOGLE DRIVE. Si los aspirantes re\u00fanen las condiciones, acceder\u00e1n a una entrevista con fecha a confirmar.<\/p>\n\n\n\n<p>Asignatura: <mark style=\"background-color:rgba(0, 0, 0, 0)\" class=\"has-inline-color has-contrast-2-color\"><strong>Espacio de Definici\u00f3n Institucional: Curadur\u00eda y Montaje de Exposiciones<\/strong>. 3er. a\u00f1o.<\/mark> Total de horas: <strong>3 horas c\u00e1tedras.<\/strong> Viernes de 17.30 a 19.30 hs.<\/p>\n\n\n\n<p><strong>Perfil del docente<\/strong>: Lic. En Arte; Lic. En Artes Visuales; Lic. En Artes Pl\u00e1sticas; Curador\/a<\/p>\n\n\n\n<p><strong>Fecha final de entrega de documentaci\u00f3n: 23 de Febrero de 2022<\/strong><\/p>\n\n\n\n<p><strong>INSCRIPCI\u00d3N<\/strong>:<\/p>\n\n\n\n<p><strong>Documentaci\u00f3n a entregar:<\/strong><\/p>\n\n\n\n<ul>\n<li>DNI<\/li>\n\n\n\n<li>T\u00edtulo habilitante<\/li>\n\n\n\n<li>Curriculum Vitae (en el cual debe constar: t\u00edtulos, cursos y capacitaciones dictadas y realizadas, publicaciones, experiencia docente y profesional comprobable, entre otros)<\/li>\n\n\n\n<li>Presentaci\u00f3n de la declaraci\u00f3n jurada de cargos del \u00e1mbito estatal y privado. Se tendr\u00e1 en cuenta el r\u00e9gimen de incompatibilidades del Estatuto Docente ART\u00cdCULO 28\u00b0.<\/li>\n\n\n\n<li>Propuesta pedag\u00f3gica enmarcada en el Dise\u00f1o Curricular de la Tecnicatura Superior en Gesti\u00f3n Cultural, Res. 686\/07.<\/li>\n\n\n\n<li>Enviar toda la documentaci\u00f3n con toda la propuesta pedag\u00f3gica a inscripcionmignone@gmail.com.<\/li>\n<\/ul>\n\n\n\n<p><strong>Elaboraci\u00f3n de la Propuesta Pedag\u00f3gica<\/strong><\/p>\n\n\n\n<p>Para la elaboraci\u00f3n de la Propuesta Pedag\u00f3gica, se deben seguir las siguientes pautas:<br>\u2022&nbsp; &nbsp; Formato Fuente: Arial<br>\u2022&nbsp; &nbsp; Tama\u00f1o de fuente: 12 puntos&nbsp;&nbsp;&nbsp;&nbsp;&nbsp;&nbsp;&nbsp;&nbsp;&nbsp;&nbsp;&nbsp;&nbsp;&nbsp;&nbsp; Interlineado: 1.5<br>\u2022&nbsp; &nbsp; M\u00e1rgenes: Superior e inferior 2.5cm.; Laterales 3 cm.<br>\u2022&nbsp; &nbsp; El texto debe estar justificado.<\/p>\n\n\n\n<p><strong>Componentes de la Propuesta Pedag\u00f3gica<\/strong><\/p>\n\n\n\n<p><strong>1. ENCABEZAMIENTO<\/strong><\/p>\n\n\n\n<p>INSTITUTO MUNICIPAL SUPERIOR DE EDUCACI\u00d3N Y TECNOLOG\u00cdA \u201cEMILIO F. MIGNONE\u201d<\/p>\n\n\n\n<p>CARRERA: Tecnicatura Superior en Gesti\u00f3n Cultural<\/p>\n\n\n\n<p>ESPACIO CURRICULAR: EDI: Curadur\u00eda y Montaje de Exposiciones<\/p>\n\n\n\n<p>CURSO: 3\u00b0 A\u00f1o<\/p>\n\n\n\n<p>CICLO LECTIVO: 2023<\/p>\n\n\n\n<p>CANTIDAD DE HORAS SEMANALES: 3 hs C\u00e1tedra.&nbsp; HORARIO: Viernes, 17:30 a 19:30<\/p>\n\n\n\n<p>PROFESOR\/A:<\/p>\n\n\n\n<p>PLAN AUTORIZADO POR RESOLUCI\u00d3N N\u00b0 686\/07<\/p>\n\n\n\n<p><strong>2.-FUNDAMENTACI\u00d3N<\/strong><\/p>\n\n\n\n<p><strong>3. EXPECTATIVAS DE LOGRO<\/strong><\/p>\n\n\n\n<p><strong>4. PROP\u00d3SITOS DEL DOCENTE<\/strong><\/p>\n\n\n\n<p><strong>5. ENCUADRE METODOL\u00d3GICO<\/strong><\/p>\n\n\n\n<p><strong>6. RECURSOS<\/strong><\/p>\n\n\n\n<p><strong>7. CONTENIDOS<\/strong><\/p>\n\n\n\n<p><strong>8. BIBLIOGRAF\u00cdA<\/strong><\/p>\n\n\n\n<p><strong>9. PRESUPUESTO DE TIEMPO<\/strong><\/p>\n\n\n\n<p><strong>10. EVALUACI\u00d3N<\/strong><\/p>\n","protected":false},"excerpt":{"rendered":"<p>Enviar un mail con el Asunto: CONVOCATORIA ASIGNATURA GESTI\u00d3N CULTURAL a inscripcionmignone@gmail.com y adjuntar la documentaci\u00f3n (con presentaci\u00f3n del proyecto y dem\u00e1s documentos enumerados debajo) solicitada en archivo PDF \u00f3 JPG, o de ser muy pesado, por enlace de GOOGLE DRIVE. Si los aspirantes re\u00fanen las condiciones, acceder\u00e1n a una entrevista con fecha a confirmar. &#8230; <a title=\"Convocatoria para cubrir asignatura de de la carrera de Tecnicatura Superior en Gesti\u00f3n Cultural\" class=\"read-more\" href=\"https:\/\/institutoemignone-bue.infd.edu.ar\/sitio\/convocatoria-para-cubrir-asignatura-de-de-la-carrera-de-tecnicatura-superior-en-gestion-cultural\/\" aria-label=\"More on Convocatoria para cubrir asignatura de de la carrera de Tecnicatura Superior en Gesti\u00f3n Cultural\">[+]<\/a><\/p>\n","protected":false},"author":1415,"featured_media":0,"comment_status":"open","ping_status":"open","sticky":false,"template":"","format":"standard","meta":[],"categories":[7,6],"tags":[39,40],"acf":[],"_links":{"self":[{"href":"https:\/\/institutoemignone-bue.infd.edu.ar\/sitio\/wp-json\/wp\/v2\/posts\/1754"}],"collection":[{"href":"https:\/\/institutoemignone-bue.infd.edu.ar\/sitio\/wp-json\/wp\/v2\/posts"}],"about":[{"href":"https:\/\/institutoemignone-bue.infd.edu.ar\/sitio\/wp-json\/wp\/v2\/types\/post"}],"author":[{"embeddable":true,"href":"https:\/\/institutoemignone-bue.infd.edu.ar\/sitio\/wp-json\/wp\/v2\/users\/1415"}],"replies":[{"embeddable":true,"href":"https:\/\/institutoemignone-bue.infd.edu.ar\/sitio\/wp-json\/wp\/v2\/comments?post=1754"}],"version-history":[{"count":2,"href":"https:\/\/institutoemignone-bue.infd.edu.ar\/sitio\/wp-json\/wp\/v2\/posts\/1754\/revisions"}],"predecessor-version":[{"id":1757,"href":"https:\/\/institutoemignone-bue.infd.edu.ar\/sitio\/wp-json\/wp\/v2\/posts\/1754\/revisions\/1757"}],"wp:attachment":[{"href":"https:\/\/institutoemignone-bue.infd.edu.ar\/sitio\/wp-json\/wp\/v2\/media?parent=1754"}],"wp:term":[{"taxonomy":"category","embeddable":true,"href":"https:\/\/institutoemignone-bue.infd.edu.ar\/sitio\/wp-json\/wp\/v2\/categories?post=1754"},{"taxonomy":"post_tag","embeddable":true,"href":"https:\/\/institutoemignone-bue.infd.edu.ar\/sitio\/wp-json\/wp\/v2\/tags?post=1754"}],"curies":[{"name":"wp","href":"https:\/\/api.w.org\/{rel}","templated":true}]}}