{"id":1692,"date":"2022-11-16T09:59:22","date_gmt":"2022-11-16T12:59:22","guid":{"rendered":"https:\/\/institutoemignone-bue.infd.edu.ar\/sitio\/?p=1692"},"modified":"2022-11-16T10:59:34","modified_gmt":"2022-11-16T13:59:34","slug":"inscripcion-a-mesas-de-examenes-de-noviembre-diciembre-2022","status":"publish","type":"post","link":"https:\/\/institutoemignone-bue.infd.edu.ar\/sitio\/inscripcion-a-mesas-de-examenes-de-noviembre-diciembre-2022\/","title":{"rendered":"Inscripci\u00f3n a mesas de ex\u00e1menes de noviembre\/diciembre 2022"},"content":{"rendered":"\n<p>A trav\u00e9s de la presente informamos que&nbsp;<strong>del 16 al 21 de noviembre<\/strong>&nbsp;ser\u00e1 el periodo de&nbsp;<strong>inscripci\u00f3n a las mesas de ex\u00e1menes regulares de Noviembre\/Diciembre 2022<\/strong>&nbsp;para las asignaturas de las carreras del Profesorado de Educaci\u00f3n F\u00edsica, Tecnicaturas Superiores de Bibliotecolog\u00eda, Gesti\u00f3n Cultural, Dise\u00f1o y Producci\u00f3n de Indumentaria, Relaciones P\u00fablicas y Ceremonial y Servicios Gastron\u00f3micos.<\/p>\n\n\n\n<p>IMPORTANTE:<\/p>\n\n\n\n<ul><li>Deber\u00e1n anotarse para<strong>&nbsp;todas&nbsp;<\/strong>las asignaturas que deseen rendir.&nbsp;<\/li><li>En el caso de las Tecnicaturas, cada estudiante deber\u00e1 completar&nbsp;<strong>un<\/strong>&nbsp;formulario por asignatura. (no aplica a Educaci\u00f3n&nbsp; F\u00edsica)<\/li><li><strong>Cada estudiante ser\u00e1 responsable<\/strong>&nbsp;de inscribirse de acuerdo al&nbsp;<strong>r\u00e9gimen<\/strong>&nbsp;de&nbsp;<strong>correlatividades<\/strong>&nbsp;de su&nbsp;<strong>plan de estudios<\/strong>&nbsp;y al&nbsp;<strong>R\u00e9gimen<\/strong>&nbsp;<strong>Acad\u00e9mico<\/strong>&nbsp;(Resoluci\u00f3n 4043\/09)&nbsp;<\/li><li>Aquellos estudiantes que deban ex\u00e1menes<strong>&nbsp;finales de materias correlativas, deber\u00e1n aprobar la asignatura condicionante en el primer llamado y luego presentarte en el segundo llamado para rendir su correlativa.&nbsp; Sin excepciones.<\/strong>&nbsp;(ej: si deben rendir \u201cHistoria I\u201d e \u201cHistoria dos I\u201d, durante la semana del 16 al 21 deben inscribirse para ambas asignaturas, anot\u00e1ndose en el primer llamado para \u201cHistoria I\u201d y en el segundo llamado \u201cHistoria II\u201d<strong>&nbsp;)<\/strong><\/li><li><strong>Ex\u00e1menes Libres:<\/strong>&nbsp;se recuerda que para las materias de cursada anual las fechas de ex\u00e1menes libres se llevan a cabo en estas mesas de noviembre\/diciembre 2022, s\u00f3lo podr\u00e1n presentarse quienes hayan optado por esta modalidad en la inscripci\u00f3n anual a la cursada 2022.&nbsp;<strong>.&nbsp;&nbsp;<\/strong>S\u00f3lo en tal caso podr\u00e1n confirmar la inscripci\u00f3n como libres realizando esa aclaraci\u00f3n (y estar en condiciones seg\u00fan el&nbsp;<strong>r\u00e9gimen de correlatividades<\/strong>).<\/li><li>No se aceptar\u00e1n inscripciones fuera de fecha.<\/li><\/ul>\n\n\n\n<p><strong>ENLACES A LAS FECHAS Y HORARIOS DE MESAS DE EXAMEN POR CARRERA<\/strong><\/p>\n\n\n\n<p><strong>Podr\u00e1n consultar el desarrollo de las mesas del 24 de noviembre a 27 de diciembre, ingresando en el siguiente enlace:<\/strong><\/p>\n\n\n\n<ul><li>\u2013&gt;&nbsp;<a href=\"https:\/\/drive.google.com\/drive\/folders\/1qs9z5XYyoXBakU5A3cGvCxiEY7t-XGSo?usp=sharing\" target=\"_blank\" rel=\"noreferrer noopener\">ENLACE<\/a><\/li><\/ul>\n\n\n\n<p><strong>ENLACES A PLANILLAS DE INSCRIPCI\u00d3N:&nbsp;<\/strong><\/p>\n\n\n\n<p><strong>Por favor escribir el nombre correcto de la materia copi\u00e1ndolo de la planilla.<\/strong><\/p>\n\n\n\n<ul><li><a rel=\"noreferrer noopener\" href=\"https:\/\/docs.google.com\/forms\/d\/e\/1FAIpQLSecrep5C2hcsbu8sD8_ZDPk8oqKVN56PT3QGSNvvn_ELgYR6A\/viewform\" target=\"_blank\">Profesorado de Educaci\u00f3n F\u00edsica.<\/a><\/li><li><a href=\"https:\/\/docs.google.com\/forms\/d\/e\/1FAIpQLScRJ19Osi5yAOUtt-7oqBLNHIAPRKUx5XMB7heR8yQpivc0AA\/viewform\" target=\"_blank\" rel=\"noreferrer noopener\">Tecnicatura Superior en Bibliotecolog\u00eda.<\/a><\/li><li><a href=\"https:\/\/docs.google.com\/forms\/d\/e\/1FAIpQLSefF4ZiER4EjGki-DdhVtbQclxmpHm29nl-7PylMgxyaZFKlg\/viewform\" target=\"_blank\" rel=\"noreferrer noopener\">Tecnicatura Superior en Dise\u00f1o de Indumentaria y Textil<\/a><\/li><li><a href=\"https:\/\/docs.google.com\/forms\/d\/e\/1FAIpQLSeS41PKjZJqejKo-VpskVI5II2NrbAsbxmTp_QKoc_lm18eug\/viewform\" target=\"_blank\" rel=\"noreferrer noopener\">Tecnicatura Superior en Gesti\u00f3n Cultural.<\/a><\/li><li><a href=\"https:\/\/docs.google.com\/forms\/d\/e\/1FAIpQLSf8BnV1HZX-Wvmj-bV2lk35xY8DPYbgHfKBTUXzmK959uqudw\/viewform\" target=\"_blank\" rel=\"noreferrer noopener\">Tecnicatura Superior en Relaciones P\u00fablicas, Ceremonial y Protocolo.<\/a><\/li><li><a href=\"https:\/\/docs.google.com\/forms\/d\/e\/1FAIpQLSddp1oMROT5_LDE1hIYP7cTrmzU8gkhewoRURdqWmIyU7mDow\/viewform\" target=\"_blank\" rel=\"noreferrer noopener\">Tecnicatura Superior en Servicios Gastron\u00f3micos.<\/a><\/li><\/ul>\n","protected":false},"excerpt":{"rendered":"<p>A trav\u00e9s de la presente informamos que&nbsp;del 16 al 21 de noviembre&nbsp;ser\u00e1 el periodo de&nbsp;inscripci\u00f3n a las mesas de ex\u00e1menes regulares de Noviembre\/Diciembre 2022&nbsp;para las asignaturas de las carreras del Profesorado de Educaci\u00f3n F\u00edsica, Tecnicaturas Superiores de Bibliotecolog\u00eda, Gesti\u00f3n Cultural, Dise\u00f1o y Producci\u00f3n de Indumentaria, Relaciones P\u00fablicas y Ceremonial y Servicios Gastron\u00f3micos. IMPORTANTE: Deber\u00e1n anotarse &#8230; <a title=\"Inscripci\u00f3n a mesas de ex\u00e1menes de noviembre\/diciembre 2022\" class=\"read-more\" href=\"https:\/\/institutoemignone-bue.infd.edu.ar\/sitio\/inscripcion-a-mesas-de-examenes-de-noviembre-diciembre-2022\/\" aria-label=\"More on Inscripci\u00f3n a mesas de ex\u00e1menes de noviembre\/diciembre 2022\">[+]<\/a><\/p>\n","protected":false},"author":1415,"featured_media":0,"comment_status":"open","ping_status":"open","sticky":false,"template":"","format":"standard","meta":[],"categories":[7,6],"tags":[22,37,38],"acf":[],"_links":{"self":[{"href":"https:\/\/institutoemignone-bue.infd.edu.ar\/sitio\/wp-json\/wp\/v2\/posts\/1692"}],"collection":[{"href":"https:\/\/institutoemignone-bue.infd.edu.ar\/sitio\/wp-json\/wp\/v2\/posts"}],"about":[{"href":"https:\/\/institutoemignone-bue.infd.edu.ar\/sitio\/wp-json\/wp\/v2\/types\/post"}],"author":[{"embeddable":true,"href":"https:\/\/institutoemignone-bue.infd.edu.ar\/sitio\/wp-json\/wp\/v2\/users\/1415"}],"replies":[{"embeddable":true,"href":"https:\/\/institutoemignone-bue.infd.edu.ar\/sitio\/wp-json\/wp\/v2\/comments?post=1692"}],"version-history":[{"count":2,"href":"https:\/\/institutoemignone-bue.infd.edu.ar\/sitio\/wp-json\/wp\/v2\/posts\/1692\/revisions"}],"predecessor-version":[{"id":1698,"href":"https:\/\/institutoemignone-bue.infd.edu.ar\/sitio\/wp-json\/wp\/v2\/posts\/1692\/revisions\/1698"}],"wp:attachment":[{"href":"https:\/\/institutoemignone-bue.infd.edu.ar\/sitio\/wp-json\/wp\/v2\/media?parent=1692"}],"wp:term":[{"taxonomy":"category","embeddable":true,"href":"https:\/\/institutoemignone-bue.infd.edu.ar\/sitio\/wp-json\/wp\/v2\/categories?post=1692"},{"taxonomy":"post_tag","embeddable":true,"href":"https:\/\/institutoemignone-bue.infd.edu.ar\/sitio\/wp-json\/wp\/v2\/tags?post=1692"}],"curies":[{"name":"wp","href":"https:\/\/api.w.org\/{rel}","templated":true}]}}