{"id":1559,"date":"2022-05-31T21:34:57","date_gmt":"2022-06-01T00:34:57","guid":{"rendered":"https:\/\/institutoemignone-bue.infd.edu.ar\/sitio\/?p=1559"},"modified":"2023-05-24T21:03:22","modified_gmt":"2023-05-25T00:03:22","slug":"convocatoria-de-dificil-cobertura-gastronomia","status":"publish","type":"post","link":"https:\/\/institutoemignone-bue.infd.edu.ar\/sitio\/convocatoria-de-dificil-cobertura-gastronomia\/","title":{"rendered":"Convocatoria de dif\u00edcil cobertura: Gastronom\u00eda"},"content":{"rendered":"\n<p>&nbsp;Enviar un mail con el Asunto: CONVOCATORIA ASIGNATURA GASTRO a&nbsp;<a href=\"mailto:inscripcionmignone@gmail.com\">inscripcionmignone@gmail.com<\/a>&nbsp; y adjuntar la documentaci\u00f3n (con presentaci\u00f3n del proyecto y dem\u00e1s documentos enumerados debajo) solicitada en archivo PDF \u00f3 JPG o de ser muy pesado, por enlace de GOOGLE DRIVE. Si los aspirantes re\u00fanen las condiciones, acceder\u00e1n a una entrevista con fecha a confirmar.<\/p>\n\n\n\n<p><strong>Tecnicatura Superior en Servicios Gastron\u00f3micos.<\/strong><\/p>\n\n\n\n<p><strong>Espacio Curricular: Planificaci\u00f3n y organizaci\u00f3n del Servicio. 1\u00b0 a\u00f1o.<\/strong><\/p>\n\n\n\n<p><strong>Carga horaria<\/strong>:  3 hs\/c\u00e1tedras. <strong>D\u00eda y fecha de cursada<\/strong>: viernes de 19 a 20 horas cada 15 d\u00edas.<\/p>\n\n\n\n<p>Perfil sugerido del docente: Licenciado en Administraci\u00f3n de Empresas Hoteleras y Gastron\u00f3micas, Licenciado en Hoteler\u00eda.<\/p>\n\n\n\n<p><strong>Fecha final de entrega de documentaci\u00f3n: <mark style=\"background-color:rgba(0, 0, 0, 0)\" class=\"has-inline-color has-vivid-red-color\">30 de mayo de 2023<\/mark><\/strong><\/p>\n\n\n\n<p><strong>REQUISITOS:<\/strong><\/p>\n\n\n\n<p>INSCRIPCI\u00d3N:<\/p>\n\n\n\n<p>Documentaci\u00f3n a entregar:<\/p>\n\n\n\n<ul>\n<li>DNI<\/li>\n\n\n\n<li>T\u00edtulo habilitante<\/li>\n\n\n\n<li>Curriculum Vitae (en el cual debe constar: t\u00edtulos, cursos y capacitaciones dictadas y realizadas, publicaciones, experiencia docente y profesional comprobable, entre otros)<\/li>\n\n\n\n<li>Presentaci\u00f3n de la declaraci\u00f3n jurada de cargos del \u00e1mbito estatal y privado. Se tendr\u00e1 en cuenta el r\u00e9gimen de incompatibilidades del Estatuto Docente ART\u00cdCULO 28\u00b0.<\/li>\n\n\n\n<li>No recibir alg\u00fan beneficio jubilatorio.<\/li>\n\n\n\n<li>5 a\u00f1os de antig\u00fcedad m\u00ednima en la docencia.<\/li>\n\n\n\n<li>Cursos y capacitaci\u00f3n que manifiesten.<\/li>\n\n\n\n<li>Propuesta pedag\u00f3gica enmarcada en el Dise\u00f1o Curricular de la Carrera a presentar y los contenidos m\u00ednimos que se establecen:\n<ul>\n<li>Tecnicatura Superior en Servicios Gastron\u00f3micos. <a rel=\"noreferrer noopener\" href=\"https:\/\/drive.google.com\/file\/d\/12x6tX-9CCAixEkPnOKHSXhgmem3P0A94\/view\" target=\"_blank\"><strong>RESOLUCI\u00d3N N\u00b0 N\u00ba&nbsp;3753 \/&nbsp;11<\/strong><\/a><\/li>\n<\/ul>\n<\/li>\n<\/ul>\n\n\n\n<p><strong>Elementos m\u00ednimos de la PROPUESTA PEDAG\u00d3GICA<\/strong><\/p>\n\n\n\n<p>\u2013 Fundamentaci\u00f3n (Justificaci\u00f3n de la propuesta a la luz de los marcos te\u00f3ricos pertinentes).<\/p>\n\n\n\n<p>\u2013 Prop\u00f3sitos \/ Objetivos.<\/p>\n\n\n\n<p>\u2013 Contenidos y desarrollo<\/p>\n\n\n\n<p>\u2013 Estrategias de ense\u00f1anza<\/p>\n\n\n\n<p>\u2013 Recursos y material bibliogr\u00e1fico<\/p>\n\n\n\n<p>\u2013 Evaluaci\u00f3n<\/p>\n\n\n\n<p>\u2013 Bibliograf\u00eda<\/p>\n","protected":false},"excerpt":{"rendered":"<p>&nbsp;Enviar un mail con el Asunto: CONVOCATORIA ASIGNATURA GASTRO a&nbsp;inscripcionmignone@gmail.com&nbsp; y adjuntar la documentaci\u00f3n (con presentaci\u00f3n del proyecto y dem\u00e1s documentos enumerados debajo) solicitada en archivo PDF \u00f3 JPG o de ser muy pesado, por enlace de GOOGLE DRIVE. Si los aspirantes re\u00fanen las condiciones, acceder\u00e1n a una entrevista con fecha a confirmar. Tecnicatura Superior &#8230; <a title=\"Convocatoria de dif\u00edcil cobertura: Gastronom\u00eda\" class=\"read-more\" href=\"https:\/\/institutoemignone-bue.infd.edu.ar\/sitio\/convocatoria-de-dificil-cobertura-gastronomia\/\" aria-label=\"More on Convocatoria de dif\u00edcil cobertura: Gastronom\u00eda\">[+]<\/a><\/p>\n","protected":false},"author":165,"featured_media":0,"comment_status":"open","ping_status":"open","sticky":false,"template":"","format":"standard","meta":[],"categories":[7,6],"tags":[33,34],"acf":[],"_links":{"self":[{"href":"https:\/\/institutoemignone-bue.infd.edu.ar\/sitio\/wp-json\/wp\/v2\/posts\/1559"}],"collection":[{"href":"https:\/\/institutoemignone-bue.infd.edu.ar\/sitio\/wp-json\/wp\/v2\/posts"}],"about":[{"href":"https:\/\/institutoemignone-bue.infd.edu.ar\/sitio\/wp-json\/wp\/v2\/types\/post"}],"author":[{"embeddable":true,"href":"https:\/\/institutoemignone-bue.infd.edu.ar\/sitio\/wp-json\/wp\/v2\/users\/165"}],"replies":[{"embeddable":true,"href":"https:\/\/institutoemignone-bue.infd.edu.ar\/sitio\/wp-json\/wp\/v2\/comments?post=1559"}],"version-history":[{"count":14,"href":"https:\/\/institutoemignone-bue.infd.edu.ar\/sitio\/wp-json\/wp\/v2\/posts\/1559\/revisions"}],"predecessor-version":[{"id":1857,"href":"https:\/\/institutoemignone-bue.infd.edu.ar\/sitio\/wp-json\/wp\/v2\/posts\/1559\/revisions\/1857"}],"wp:attachment":[{"href":"https:\/\/institutoemignone-bue.infd.edu.ar\/sitio\/wp-json\/wp\/v2\/media?parent=1559"}],"wp:term":[{"taxonomy":"category","embeddable":true,"href":"https:\/\/institutoemignone-bue.infd.edu.ar\/sitio\/wp-json\/wp\/v2\/categories?post=1559"},{"taxonomy":"post_tag","embeddable":true,"href":"https:\/\/institutoemignone-bue.infd.edu.ar\/sitio\/wp-json\/wp\/v2\/tags?post=1559"}],"curies":[{"name":"wp","href":"https:\/\/api.w.org\/{rel}","templated":true}]}}