{"id":1546,"date":"2022-05-11T20:46:10","date_gmt":"2022-05-11T23:46:10","guid":{"rendered":"https:\/\/institutoemignone-bue.infd.edu.ar\/sitio\/?p=1546"},"modified":"2022-05-11T20:46:11","modified_gmt":"2022-05-11T23:46:11","slug":"acto-por-el-35-aniversario-del-instituto-y-visita-de-los-familiares-de-emilio-fermin-mignone","status":"publish","type":"post","link":"https:\/\/institutoemignone-bue.infd.edu.ar\/sitio\/acto-por-el-35-aniversario-del-instituto-y-visita-de-los-familiares-de-emilio-fermin-mignone\/","title":{"rendered":"Acto por el 35\u00b0 aniversario del Instituto y visita de los familiares de \u00abEmilio Ferm\u00edn Mignone\u00bb"},"content":{"rendered":"\n<p>Estuvimos de festejo. El cabo el acto conmemorativo de los 35 a\u00f1os de la creaci\u00f3n del Instituto se realiz\u00f3 en las instalaciones de la calle Avellaneda. \u00a0Ante la presencia del Intendente Municipal, Leonardo Boto, autoridades educativas del distrito y la regi\u00f3n, profesores, auxiliares y estudiantes \u00a0disert\u00f3 (<a href=\"https:\/\/institutoemignone-bue.infd.edu.ar\/sitio\/discurso-de-javier-mignone-en-los-35-aniversario-del-instituto-mignone\/\">https:\/\/institutoemignone-bue.infd.edu.ar\/sitio\/discurso-de-javier-mignone-en-los-35-aniversario-del-instituto-mignone\/<\/a>) uno de los hijos de Emilio Mignone, Javier quien vive actualmente en Canad\u00e1. El mismo estuvo junto a su hermana Mercedes y parte de la familia Mignone-Sosa \u00a0que se acercaron a acompa\u00f1arlo. \u00a0<\/p>\n\n\n\n<p>Despu\u00e9s de la charla, una estudiante del profesorado de Educaci\u00f3n F\u00edsica le entreg\u00f3 como recuerdo un retrato de M\u00f3nica, desaparecida por la \u00faltima dictadura militar. Adem\u00e1s, estudiantes de Dise\u00f1o de Indumentaria le ofrendaron a ambos un presente realizado en las pr\u00e1cticas educativas de la misma carrera. Tambi\u00e9n, estudiantes de segundo a\u00f1o del Profesorado de Educaci\u00f3n F\u00edsica presentaron un esquema gimn\u00e1stico. Por \u00faltimo, la carrera de Gesti\u00f3n Cultural y Bibliotecolog\u00eda presentaron un panel con una l\u00ednea de tiempo con material del incipiente proyecto del Archivo de la Memoria del Instituto Mignone. Finalizado el acto, se realiz\u00f3 un agasajo para los familiares y autoridades con el corte de torta de aniversario en la cocina del Instituto, actividad realizada por estudiantes y profesores de la Tecnicatura Superior en Servicios Gastron\u00f3micos. \u00a0Antes de retirarse, los hijos de Emilio Mignone recorrieron las aulas para dialogar con los estudiantes<\/p>\n\n\n\n<p>Para el Instituto una jornada muy emotiva y adem\u00e1s un honor poder contar con la presencia de los hijos de Emilio Ferm\u00edn Mignone y sus familiares en este 35\u00b0 aniversario.<\/p>\n","protected":false},"excerpt":{"rendered":"<p>Estuvimos de festejo. El cabo el acto conmemorativo de los 35 a\u00f1os de la creaci\u00f3n del Instituto se realiz\u00f3 en las instalaciones de la calle Avellaneda. \u00a0Ante la presencia del Intendente Municipal, Leonardo Boto, autoridades educativas del distrito y la regi\u00f3n, profesores, auxiliares y estudiantes \u00a0disert\u00f3 (https:\/\/institutoemignone-bue.infd.edu.ar\/sitio\/discurso-de-javier-mignone-en-los-35-aniversario-del-instituto-mignone\/) uno de los hijos de Emilio Mignone, Javier &#8230; <a title=\"Acto por el 35\u00b0 aniversario del Instituto y visita de los familiares de \u00abEmilio Ferm\u00edn Mignone\u00bb\" class=\"read-more\" href=\"https:\/\/institutoemignone-bue.infd.edu.ar\/sitio\/acto-por-el-35-aniversario-del-instituto-y-visita-de-los-familiares-de-emilio-fermin-mignone\/\" aria-label=\"More on Acto por el 35\u00b0 aniversario del Instituto y visita de los familiares de \u00abEmilio Ferm\u00edn Mignone\u00bb\">[+]<\/a><\/p>\n","protected":false},"author":1415,"featured_media":0,"comment_status":"open","ping_status":"open","sticky":false,"template":"","format":"standard","meta":[],"categories":[7,6],"tags":[30,32,27],"acf":[],"_links":{"self":[{"href":"https:\/\/institutoemignone-bue.infd.edu.ar\/sitio\/wp-json\/wp\/v2\/posts\/1546"}],"collection":[{"href":"https:\/\/institutoemignone-bue.infd.edu.ar\/sitio\/wp-json\/wp\/v2\/posts"}],"about":[{"href":"https:\/\/institutoemignone-bue.infd.edu.ar\/sitio\/wp-json\/wp\/v2\/types\/post"}],"author":[{"embeddable":true,"href":"https:\/\/institutoemignone-bue.infd.edu.ar\/sitio\/wp-json\/wp\/v2\/users\/1415"}],"replies":[{"embeddable":true,"href":"https:\/\/institutoemignone-bue.infd.edu.ar\/sitio\/wp-json\/wp\/v2\/comments?post=1546"}],"version-history":[{"count":1,"href":"https:\/\/institutoemignone-bue.infd.edu.ar\/sitio\/wp-json\/wp\/v2\/posts\/1546\/revisions"}],"predecessor-version":[{"id":1547,"href":"https:\/\/institutoemignone-bue.infd.edu.ar\/sitio\/wp-json\/wp\/v2\/posts\/1546\/revisions\/1547"}],"wp:attachment":[{"href":"https:\/\/institutoemignone-bue.infd.edu.ar\/sitio\/wp-json\/wp\/v2\/media?parent=1546"}],"wp:term":[{"taxonomy":"category","embeddable":true,"href":"https:\/\/institutoemignone-bue.infd.edu.ar\/sitio\/wp-json\/wp\/v2\/categories?post=1546"},{"taxonomy":"post_tag","embeddable":true,"href":"https:\/\/institutoemignone-bue.infd.edu.ar\/sitio\/wp-json\/wp\/v2\/tags?post=1546"}],"curies":[{"name":"wp","href":"https:\/\/api.w.org\/{rel}","templated":true}]}}