{"id":1504,"date":"2022-04-06T17:32:40","date_gmt":"2022-04-06T20:32:40","guid":{"rendered":"https:\/\/institutoemignone-bue.infd.edu.ar\/sitio\/?p=1504"},"modified":"2022-05-21T11:24:26","modified_gmt":"2022-05-21T14:24:26","slug":"convocatoria-a-coberturas-de-cargos-docentes-para-diferentes-asignaturas-del-instituto-mignone-2022","status":"publish","type":"post","link":"https:\/\/institutoemignone-bue.infd.edu.ar\/sitio\/convocatoria-a-coberturas-de-cargos-docentes-para-diferentes-asignaturas-del-instituto-mignone-2022\/","title":{"rendered":"Nueva convocatoria a coberturas de cargos docentes para diferentes asignaturas del Instituto Mignone 2022"},"content":{"rendered":"\n<p><strong>Los que deseen postularse<\/strong>, enviar un mail con el Asunto: CONVOCATORIA ASIGNATURAS PEF, o CONVOCATORIA ASIGNATURAS BIBLIO, seg\u00fan corresponda, a <a href=\"mailto:inscripcionmignone@gmail.com\">inscripcionmignone@gmail.com<\/a>&nbsp; y adjuntar la documentaci\u00f3n (con presentaci\u00f3n del proyecto) solicitada en archivo PDF \u00f3 JPG o de ser muy pesado, por enlace de GOOGLE DRIVE. Si los aspirantes re\u00fanen las condiciones, acceder\u00e1n a una entrevista con fecha a confirmar.<\/p>\n\n\n\n<p><\/p>\n\n\n\n<p><strong>PROFESORADO DE EDUCACI\u00d3N F\u00cdSICA<\/strong><\/p>\n\n\n\n<p><\/p>\n\n\n\n<ul class=\"has-vivid-red-color has-text-color\"><li><span class=\"has-inline-color has-black-color\"><strong>NUEVA CONVOCATORIA<\/strong> &#8211; Did\u00e1cticas de las Pr\u00e1cticas Deportivas &#8211; Hockey. D\u00edas y horarios: Martes 15 a 17 hs. T\u00edtulo de base: Profesor de Educaci\u00f3n F\u00edsica. Fecha de\u00a0 entrega de documentaci\u00f3n y proyecto:<strong> del 19 al 25 de abril.<\/strong> <\/span><strong><span class=\"has-inline-color has-vivid-red-color\">CUBIERTA<\/span><\/strong><\/li><\/ul>\n\n\n\n<p><\/p>\n\n\n\n<ul class=\"has-black-color has-text-color\"><li><strong>Did\u00e1ctica de las Pr\u00e1cticas Acu\u00e1ticas I<\/strong>. 1er a\u00f1o:&nbsp; 3 horas c\u00e1tedras titulares. D\u00edas y horarios: Martes de 10 a 12 hs.<strong> T\u00edtulo de base: Profesor de Educaci\u00f3n F\u00edsica.<\/strong>&nbsp;Fecha de&nbsp; entrega de documentaci\u00f3n y proyecto: hasta el 18 de abril. <strong><span class=\"has-inline-color has-vivid-red-color\">CUBIERTA<\/span><\/strong><\/li><li><strong>Did\u00e1ctica de las Pr\u00e1cticas Deportivas: Nataci\u00f3n<\/strong>. 2do a\u00f1o:&nbsp; 3 horas c\u00e1tedras. D\u00edas y horarios: Jueves de 10 a 12 hs. <strong>Titulo de base: Profesor de Educaci\u00f3n F\u00edsica.&nbsp;<\/strong>Fecha de&nbsp; entrega de documentaci\u00f3n y proyecto: hasta el 18 de abril. <strong><span class=\"has-inline-color has-vivid-red-color\">CUBIERTA<\/span><\/strong><\/li><\/ul>\n\n\n\n<p><strong>TECNICATURA SUPERIOR EN BILIOTECOLOG\u00cdA<\/strong><\/p>\n\n\n\n<ul class=\"has-vivid-red-color has-text-color\"><li><span class=\"has-inline-color has-black-color\"><strong>Literatura Universal.<\/strong> 2do a\u00f1o. 4 horas c\u00e1tedras titulares. D\u00edas y horarios: Viernes 17.40 a 19.40 hs. <strong>T\u00edtulo de base: Profesor de literatura<\/strong>.&nbsp;Fecha de&nbsp; entrega de documentaci\u00f3n y proyecto: <strong>ABIERTA hasta el 25 de abril. <\/strong><\/span> <strong>CUBIERTA<\/strong><\/li><\/ul>\n\n\n\n<p><strong>REQUISITOS:<\/strong><\/p>\n\n\n\n<p>INSCRIPCI\u00d3N:<\/p>\n\n\n\n<p>Documentaci\u00f3n a entregar:<\/p>\n\n\n\n<ul><li>DNI<\/li><li>T\u00edtulo habilitante<\/li><li>Curriculum Vitae (en el cual debe constar: t\u00edtulos, cursos y capacitaciones dictadas y realizadas, publicaciones, experiencia docente y profesional comprobable, entre otros)<\/li><li>Presentaci\u00f3n de la declaraci\u00f3n jurada de cargos del \u00e1mbito estatal y privado. Se tendr\u00e1 en cuenta el r\u00e9gimen de incompatibilidades del Estatuto Docente ART\u00cdCULO 28\u00b0.<\/li><li>No recibir alg\u00fan beneficio jubilatorio.<\/li><li>5 a\u00f1os de antig\u00fcedad m\u00ednima en la docencia.<\/li><li>Cursos y capacitaci\u00f3n que manifiesten no sean de m\u00e1s de 5 a\u00f1os de actualizaci\u00f3n.<\/li><li>Propuesta pedag\u00f3gica enmarcada en el Dise\u00f1o Curricular de la Carrera a presentar y los contenidos m\u00ednimos que se establecen: <ul><li>Profesorado de Educaci\u00f3n F\u00edsica <a href=\"https:\/\/drive.google.com\/file\/d\/0B9-l02IFqJANU0xORWstSUR2ckk\/view?resourcekey=0-OfUDKwtSv786TSK7_cT05Q\">RESOLUCI\u00d3N N\u00ba 2432\/09<\/a>.<\/li><li>Tecnicatura Superior en Bibliotecolog\u00eda <a href=\"https:\/\/drive.google.com\/file\/d\/0B9-l02IFqJANeE1aeXlzdVJuMUk\/view?resourcekey=0-4HPP_vN81vu96v3HZ0d9oQ\">RESOLUCI\u00d3N N\u00b0 6163\/09<\/a><\/li><\/ul><\/li><\/ul>\n\n\n\n<p><strong>Elementos m\u00ednimos de la PROPUESTA PEDAG\u00d3GICA<\/strong><\/p>\n\n\n\n<p>\u2013 Fundamentaci\u00f3n (Justificaci\u00f3n de la propuesta a la luz de los marcos te\u00f3ricos pertinentes).<\/p>\n\n\n\n<p>\u2013 Prop\u00f3sitos \/ Objetivos.<\/p>\n\n\n\n<p>\u2013 Contenidos y desarrollo<\/p>\n\n\n\n<p>\u2013 Estrategias de ense\u00f1anza<\/p>\n\n\n\n<p>\u2013 Recursos y material bibliogr\u00e1fico<\/p>\n\n\n\n<p>\u2013 Evaluaci\u00f3n<\/p>\n\n\n\n<p>\u2013 Bibliograf\u00eda<\/p>\n","protected":false},"excerpt":{"rendered":"<p>Los que deseen postularse, enviar un mail con el Asunto: CONVOCATORIA ASIGNATURAS PEF, o CONVOCATORIA ASIGNATURAS BIBLIO, seg\u00fan corresponda, a inscripcionmignone@gmail.com&nbsp; y adjuntar la documentaci\u00f3n (con presentaci\u00f3n del proyecto) solicitada en archivo PDF \u00f3 JPG o de ser muy pesado, por enlace de GOOGLE DRIVE. Si los aspirantes re\u00fanen las condiciones, acceder\u00e1n a una entrevista &#8230; <a title=\"Nueva convocatoria a coberturas de cargos docentes para diferentes asignaturas del Instituto Mignone 2022\" class=\"read-more\" href=\"https:\/\/institutoemignone-bue.infd.edu.ar\/sitio\/convocatoria-a-coberturas-de-cargos-docentes-para-diferentes-asignaturas-del-instituto-mignone-2022\/\" aria-label=\"More on Nueva convocatoria a coberturas de cargos docentes para diferentes asignaturas del Instituto Mignone 2022\">[+]<\/a><\/p>\n","protected":false},"author":165,"featured_media":0,"comment_status":"open","ping_status":"open","sticky":false,"template":"","format":"standard","meta":[],"categories":[7,6],"tags":[],"acf":[],"_links":{"self":[{"href":"https:\/\/institutoemignone-bue.infd.edu.ar\/sitio\/wp-json\/wp\/v2\/posts\/1504"}],"collection":[{"href":"https:\/\/institutoemignone-bue.infd.edu.ar\/sitio\/wp-json\/wp\/v2\/posts"}],"about":[{"href":"https:\/\/institutoemignone-bue.infd.edu.ar\/sitio\/wp-json\/wp\/v2\/types\/post"}],"author":[{"embeddable":true,"href":"https:\/\/institutoemignone-bue.infd.edu.ar\/sitio\/wp-json\/wp\/v2\/users\/165"}],"replies":[{"embeddable":true,"href":"https:\/\/institutoemignone-bue.infd.edu.ar\/sitio\/wp-json\/wp\/v2\/comments?post=1504"}],"version-history":[{"count":28,"href":"https:\/\/institutoemignone-bue.infd.edu.ar\/sitio\/wp-json\/wp\/v2\/posts\/1504\/revisions"}],"predecessor-version":[{"id":1556,"href":"https:\/\/institutoemignone-bue.infd.edu.ar\/sitio\/wp-json\/wp\/v2\/posts\/1504\/revisions\/1556"}],"wp:attachment":[{"href":"https:\/\/institutoemignone-bue.infd.edu.ar\/sitio\/wp-json\/wp\/v2\/media?parent=1504"}],"wp:term":[{"taxonomy":"category","embeddable":true,"href":"https:\/\/institutoemignone-bue.infd.edu.ar\/sitio\/wp-json\/wp\/v2\/categories?post=1504"},{"taxonomy":"post_tag","embeddable":true,"href":"https:\/\/institutoemignone-bue.infd.edu.ar\/sitio\/wp-json\/wp\/v2\/tags?post=1504"}],"curies":[{"name":"wp","href":"https:\/\/api.w.org\/{rel}","templated":true}]}}