{"id":1500,"date":"2022-03-29T20:15:51","date_gmt":"2022-03-29T23:15:51","guid":{"rendered":"https:\/\/institutoemignone-bue.infd.edu.ar\/sitio\/?p=1500"},"modified":"2022-03-29T21:04:00","modified_gmt":"2022-03-30T00:04:00","slug":"arranque-de-clases-2022","status":"publish","type":"post","link":"https:\/\/institutoemignone-bue.infd.edu.ar\/sitio\/arranque-de-clases-2022\/","title":{"rendered":"Inicio de clases 2022"},"content":{"rendered":"\n<ul><li><strong>4 de abri<\/strong>l &#8211; Educaci\u00f3n F\u00edsica, Dise\u00f1o, Servicios Gastron\u00f3micos y Gesti\u00f3n Cultural<ul><li>1er a\u00f1o arranque del Taller de Ingreso.<\/li><li>2 para adelante &#8211; cursada normal.<\/li><\/ul><\/li><li><strong>6 de abril <\/strong>&#8211; Bibliotecolog\u00eda<\/li><\/ul>\n\n\n\n<p><strong>Modalidad:<\/strong> Presencial<\/p>\n\n\n\n<p><strong>Cuidados de la Salud&nbsp;<\/strong><\/p>\n\n\n\n<ul><li><strong>Uso obligatorio y adecuado de barbijo<\/strong>: se deben usar en lugares comunes, el aula, los micros escolares y en el transporte p\u00fablico. Siempre en lugares cerrados. El barbijo debe estar ajustado, cubriendo boca, nariz y ment\u00f3n.&nbsp;<\/li><li><strong>Higiene personal.<\/strong> Es importante continuar con el lavado frecuente de manos y\/o la limpieza de manos con alcohol en gel o alcohol al 70% antes de salir de casa, al llegar a la instituci\u00f3n educativa, antes y despu\u00e9s de los recreos, de ir al ba\u00f1o, de toser, estornudar o limpiarse la nariz y antes de comer. A su vez tanto las alumnas, los alumnos como docentes frente a un curso deber\u00e1n higienizar sus manos al finalizar cada bloque de clases.&nbsp;<\/li><li><strong>Evitar compartir los elementos personales<\/strong>, especialmente los utensilios de alimentaci\u00f3n.<\/li><li>Informar ante un caso de COVID-19 y enfermedades respiratorias<\/li><\/ul>\n","protected":false},"excerpt":{"rendered":"<p>4 de abril &#8211; Educaci\u00f3n F\u00edsica, Dise\u00f1o, Servicios Gastron\u00f3micos y Gesti\u00f3n Cultural 1er a\u00f1o arranque del Taller de Ingreso. 2 para adelante &#8211; cursada normal. 6 de abril &#8211; Bibliotecolog\u00eda Modalidad: Presencial Cuidados de la Salud&nbsp; Uso obligatorio y adecuado de barbijo: se deben usar en lugares comunes, el aula, los micros escolares y en &#8230; <a title=\"Inicio de clases 2022\" class=\"read-more\" href=\"https:\/\/institutoemignone-bue.infd.edu.ar\/sitio\/arranque-de-clases-2022\/\" aria-label=\"More on Inicio de clases 2022\">[+]<\/a><\/p>\n","protected":false},"author":165,"featured_media":0,"comment_status":"open","ping_status":"open","sticky":false,"template":"","format":"standard","meta":[],"categories":[8,7,6],"tags":[],"acf":[],"_links":{"self":[{"href":"https:\/\/institutoemignone-bue.infd.edu.ar\/sitio\/wp-json\/wp\/v2\/posts\/1500"}],"collection":[{"href":"https:\/\/institutoemignone-bue.infd.edu.ar\/sitio\/wp-json\/wp\/v2\/posts"}],"about":[{"href":"https:\/\/institutoemignone-bue.infd.edu.ar\/sitio\/wp-json\/wp\/v2\/types\/post"}],"author":[{"embeddable":true,"href":"https:\/\/institutoemignone-bue.infd.edu.ar\/sitio\/wp-json\/wp\/v2\/users\/165"}],"replies":[{"embeddable":true,"href":"https:\/\/institutoemignone-bue.infd.edu.ar\/sitio\/wp-json\/wp\/v2\/comments?post=1500"}],"version-history":[{"count":3,"href":"https:\/\/institutoemignone-bue.infd.edu.ar\/sitio\/wp-json\/wp\/v2\/posts\/1500\/revisions"}],"predecessor-version":[{"id":1503,"href":"https:\/\/institutoemignone-bue.infd.edu.ar\/sitio\/wp-json\/wp\/v2\/posts\/1500\/revisions\/1503"}],"wp:attachment":[{"href":"https:\/\/institutoemignone-bue.infd.edu.ar\/sitio\/wp-json\/wp\/v2\/media?parent=1500"}],"wp:term":[{"taxonomy":"category","embeddable":true,"href":"https:\/\/institutoemignone-bue.infd.edu.ar\/sitio\/wp-json\/wp\/v2\/categories?post=1500"},{"taxonomy":"post_tag","embeddable":true,"href":"https:\/\/institutoemignone-bue.infd.edu.ar\/sitio\/wp-json\/wp\/v2\/tags?post=1500"}],"curies":[{"name":"wp","href":"https:\/\/api.w.org\/{rel}","templated":true}]}}