{"id":1419,"date":"2021-12-21T20:51:08","date_gmt":"2021-12-21T23:51:08","guid":{"rendered":"https:\/\/institutoemignone-bue.infd.edu.ar\/sitio\/?p=1419"},"modified":"2023-03-06T19:39:39","modified_gmt":"2023-03-06T22:39:39","slug":"recordatorio-de-la-muerte-de-emilio-mignone-y-relocalizacion-de-placa-conmemorativa","status":"publish","type":"post","link":"https:\/\/institutoemignone-bue.infd.edu.ar\/sitio\/recordatorio-de-la-muerte-de-emilio-mignone-y-relocalizacion-de-placa-conmemorativa\/","title":{"rendered":"Recordatorio de la muerte de Emilio Mignone y relocalizaci\u00f3n de placa conmemorativa"},"content":{"rendered":"\n<figure class=\"wp-block-image\"><img decoding=\"async\" src=\"https:\/\/institutoemignone-bue.infd.edu.ar\/aula\/archivos\/_34\/news\/23456.PNG\" alt=\"\"\/><\/figure>\n\n\n\n<p>Desde nuestra instituci\u00f3n queremos recordar a \u201cEmilio Ferm\u00edn Mignone\u201d en el d\u00eda de su fallecimiento, el 21 de diciembre de 1998. Aprovechando esta fecha y en conmemoraci\u00f3n al nombre de nuestra instituci\u00f3n, trasladamos la plaqueta en su nombre, la cual permaneci\u00f3 oculta en un monolito detr\u00e1s de la medianera del Instituto desde hace varios a\u00f1os. De esta manera, visibilizamos y le damos la importancia en reconocimiento permanente a quien es parte de la identidad del Instituto, educador, luchador por los derechos humanos reconocido a nivel nacional e internacional y abogado, colocando la plaqueta en la pared externa del edificio.<\/p>\n\n\n\n<p>La iniciativa de esta acci\u00f3n surgi\u00f3 desde hace a\u00f1os, y en este 2021, como sugerencia de los estudiantes de tercer a\u00f1o de la&nbsp; carrera del profesorado de Educaci\u00f3n F\u00edsica, conjuntamente con la profesora Anal\u00eda Baffa y de la tecnicatura Superior en Gesti\u00f3n Cultural,&nbsp; con su coordinador, Luis M\u00edguez. Esta cuenta pendiente&nbsp; logr\u00f3 su objetivo.&nbsp;Agradecemos a los auxiliares: Andr\u00e9s Brero y Juan Ortega quien quienes trasladaron y colocaron la placa.<\/p>\n\n\n\n<p>Como militante de derechos humanos, Mignone consagr\u00f3 su existencia a la lucha por los derechos humanos, la justicia, por la verdad plena sobre lo sucedido a las v\u00edctimas de la dictadura, por el cese de la impunidad y por el fin de la violencia institucional en democracia. Luch\u00f3 por su hija M\u00f3nica &#8211;secuestrada en mayo 1976&#8211; y por su pr\u00f3jimo. Supo combinar dos vertientes fundamentales en su vida: la de educador y la de activista de derechos humanos.<a href=\"https:\/\/www.facebook.com\/hashtag\/ddhh?__eep__=6&amp;__cft__[0]=AZXYAXhlORpnkxFD1tgMfkBN0y6u3mirOIUH2bnGysJMUYyBj8MkUoIsmTnWZGmZAZ9ykX7yatcIYYu_kp1jvAOQVdXL-AKFsTtVJR1DibZt23Zv5-3cgNvT10FUQe9DPz7OVd9j7HoKnnqguL-tGxcJ9YauMgR4XmsYaPwRPZO3sWDlWQOgDNOY74APTbhis1E&amp;__tn__=*NK-R\" target=\"_blank\" rel=\"noreferrer noopener\">&nbsp;<\/a><\/p>\n\n\n\n<p>El Instituto Mignone, forma ciudadanos\/as y profesores\/as que reconozcan y transmitan la importancia de los&nbsp; \u201cDerechos Humanos\u201d, en cada una de sus carreras para\u00ed seguir luchando por la justicia y la memoria social.<\/p>\n","protected":false},"excerpt":{"rendered":"<p>Desde nuestra instituci\u00f3n queremos recordar a \u201cEmilio Ferm\u00edn Mignone\u201d en el d\u00eda de su fallecimiento, el 21 de diciembre de 1998. Aprovechando esta fecha y en conmemoraci\u00f3n al nombre de nuestra instituci\u00f3n, trasladamos la plaqueta en su nombre, la cual permaneci\u00f3 oculta en un monolito detr\u00e1s de la medianera del Instituto desde hace varios a\u00f1os. &#8230; <a title=\"Recordatorio de la muerte de Emilio Mignone y relocalizaci\u00f3n de placa conmemorativa\" class=\"read-more\" href=\"https:\/\/institutoemignone-bue.infd.edu.ar\/sitio\/recordatorio-de-la-muerte-de-emilio-mignone-y-relocalizacion-de-placa-conmemorativa\/\" aria-label=\"More on Recordatorio de la muerte de Emilio Mignone y relocalizaci\u00f3n de placa conmemorativa\">[+]<\/a><\/p>\n","protected":false},"author":1415,"featured_media":0,"comment_status":"closed","ping_status":"closed","sticky":false,"template":"","format":"standard","meta":[],"categories":[7,6],"tags":[27],"acf":[],"_links":{"self":[{"href":"https:\/\/institutoemignone-bue.infd.edu.ar\/sitio\/wp-json\/wp\/v2\/posts\/1419"}],"collection":[{"href":"https:\/\/institutoemignone-bue.infd.edu.ar\/sitio\/wp-json\/wp\/v2\/posts"}],"about":[{"href":"https:\/\/institutoemignone-bue.infd.edu.ar\/sitio\/wp-json\/wp\/v2\/types\/post"}],"author":[{"embeddable":true,"href":"https:\/\/institutoemignone-bue.infd.edu.ar\/sitio\/wp-json\/wp\/v2\/users\/1415"}],"replies":[{"embeddable":true,"href":"https:\/\/institutoemignone-bue.infd.edu.ar\/sitio\/wp-json\/wp\/v2\/comments?post=1419"}],"version-history":[{"count":1,"href":"https:\/\/institutoemignone-bue.infd.edu.ar\/sitio\/wp-json\/wp\/v2\/posts\/1419\/revisions"}],"predecessor-version":[{"id":1420,"href":"https:\/\/institutoemignone-bue.infd.edu.ar\/sitio\/wp-json\/wp\/v2\/posts\/1419\/revisions\/1420"}],"wp:attachment":[{"href":"https:\/\/institutoemignone-bue.infd.edu.ar\/sitio\/wp-json\/wp\/v2\/media?parent=1419"}],"wp:term":[{"taxonomy":"category","embeddable":true,"href":"https:\/\/institutoemignone-bue.infd.edu.ar\/sitio\/wp-json\/wp\/v2\/categories?post=1419"},{"taxonomy":"post_tag","embeddable":true,"href":"https:\/\/institutoemignone-bue.infd.edu.ar\/sitio\/wp-json\/wp\/v2\/tags?post=1419"}],"curies":[{"name":"wp","href":"https:\/\/api.w.org\/{rel}","templated":true}]}}