{"id":1342,"date":"2021-11-03T14:14:00","date_gmt":"2021-11-03T17:14:00","guid":{"rendered":"https:\/\/institutoemignone-bue.infd.edu.ar\/sitio\/?p=1342"},"modified":"2021-11-13T14:17:28","modified_gmt":"2021-11-13T17:17:28","slug":"sobre-la-jornada-institucional-educacion-sexual-integral-2021-en-el-instituto-mignone","status":"publish","type":"post","link":"https:\/\/institutoemignone-bue.infd.edu.ar\/sitio\/sobre-la-jornada-institucional-educacion-sexual-integral-2021-en-el-instituto-mignone\/","title":{"rendered":"Sobre la Jornada Institucional \u00abEduacaci\u00f3n Sexual Integral\u00bb 2021 en el Instituto Mignone"},"content":{"rendered":"\n<figure class=\"wp-block-image\"><img decoding=\"async\" src=\"https:\/\/institutoemignone-bue.infd.edu.ar\/aula\/archivos\/_34\/news\/erty.PNG\" alt=\"\"\/><\/figure>\n\n\n\n<p>Desde la sanci\u00f3n de la Ley de Educaci\u00f3n Sexual Integral, la instituci\u00f3n ha trabajado en la articulaci\u00f3n de sus contenidos dentro de los espacios curriculares de cada carrera. La incorporaci\u00f3n de un n\u00facleo exclusivamente dedicado sobre este tema en los talleres de ingreso a partir del a\u00f1o 2020, permiti\u00f3 darle un relieve a\u00fan mayor a los esfuerzos que los docentes ven\u00edan realizando.&nbsp;<\/p>\n\n\n\n<p>A partir de all\u00ed, y de responder a una demanda&nbsp; institucional creciente, se elabor\u00f3 un trayecto pedag\u00f3gico con una din\u00e1mica de trabajo asincr\u00f3nica y sincr\u00f3nica, con el objetivo de reflexionar sobre las representaciones sociales de g\u00e9nero en cada campo profesional.<\/p>\n\n\n\n<p>La metodolog\u00eda de trabajo, coordinado por un grupo de docentes de la propia instituci\u00f3n, supuso la realizaci\u00f3n de&nbsp; una clase en el campus virtual (ver los videos, leer el material bibliogr\u00e1fico y participar en el foro), sobre la cual participaron 30 docentes y 59 estudiantes.&nbsp;<\/p>\n\n\n\n<p>Durante el encuentro sincr\u00f3nico pudimos compartir las experiencias de cada uno y de cada una en relaci\u00f3n a c\u00f3mo se materializan en cada espacio profesional las representaciones de g\u00e9nero y las huellas que las mismas dejaron en la propia trayectoria de vida.&nbsp;<\/p>\n\n\n\n<p>Celebrado el espacio brindado por la instituci\u00f3n, se plante\u00f3 trabajar durante el a\u00f1o pr\u00f3ximo con una mayor dedicaci\u00f3n horaria, con suspensi\u00f3n de clase e inclusive, invitar a profesionales para que acompa\u00f1en la jornada.<\/p>\n","protected":false},"excerpt":{"rendered":"<p>Desde la sanci\u00f3n de la Ley de Educaci\u00f3n Sexual Integral, la instituci\u00f3n ha trabajado en la articulaci\u00f3n de sus contenidos dentro de los espacios curriculares de cada carrera. La incorporaci\u00f3n de un n\u00facleo exclusivamente dedicado sobre este tema en los talleres de ingreso a partir del a\u00f1o 2020, permiti\u00f3 darle un relieve a\u00fan mayor a &#8230; <a title=\"Sobre la Jornada Institucional \u00abEduacaci\u00f3n Sexual Integral\u00bb 2021 en el Instituto Mignone\" class=\"read-more\" href=\"https:\/\/institutoemignone-bue.infd.edu.ar\/sitio\/sobre-la-jornada-institucional-educacion-sexual-integral-2021-en-el-instituto-mignone\/\" aria-label=\"More on Sobre la Jornada Institucional \u00abEduacaci\u00f3n Sexual Integral\u00bb 2021 en el Instituto Mignone\">[+]<\/a><\/p>\n","protected":false},"author":165,"featured_media":0,"comment_status":"open","ping_status":"open","sticky":false,"template":"","format":"standard","meta":[],"categories":[8,7,6],"tags":[21,20],"acf":[],"_links":{"self":[{"href":"https:\/\/institutoemignone-bue.infd.edu.ar\/sitio\/wp-json\/wp\/v2\/posts\/1342"}],"collection":[{"href":"https:\/\/institutoemignone-bue.infd.edu.ar\/sitio\/wp-json\/wp\/v2\/posts"}],"about":[{"href":"https:\/\/institutoemignone-bue.infd.edu.ar\/sitio\/wp-json\/wp\/v2\/types\/post"}],"author":[{"embeddable":true,"href":"https:\/\/institutoemignone-bue.infd.edu.ar\/sitio\/wp-json\/wp\/v2\/users\/165"}],"replies":[{"embeddable":true,"href":"https:\/\/institutoemignone-bue.infd.edu.ar\/sitio\/wp-json\/wp\/v2\/comments?post=1342"}],"version-history":[{"count":2,"href":"https:\/\/institutoemignone-bue.infd.edu.ar\/sitio\/wp-json\/wp\/v2\/posts\/1342\/revisions"}],"predecessor-version":[{"id":1344,"href":"https:\/\/institutoemignone-bue.infd.edu.ar\/sitio\/wp-json\/wp\/v2\/posts\/1342\/revisions\/1344"}],"wp:attachment":[{"href":"https:\/\/institutoemignone-bue.infd.edu.ar\/sitio\/wp-json\/wp\/v2\/media?parent=1342"}],"wp:term":[{"taxonomy":"category","embeddable":true,"href":"https:\/\/institutoemignone-bue.infd.edu.ar\/sitio\/wp-json\/wp\/v2\/categories?post=1342"},{"taxonomy":"post_tag","embeddable":true,"href":"https:\/\/institutoemignone-bue.infd.edu.ar\/sitio\/wp-json\/wp\/v2\/tags?post=1342"}],"curies":[{"name":"wp","href":"https:\/\/api.w.org\/{rel}","templated":true}]}}