{"id":1334,"date":"2021-11-12T21:14:35","date_gmt":"2021-11-13T00:14:35","guid":{"rendered":"https:\/\/institutoemignone-bue.infd.edu.ar\/sitio\/?p=1334"},"modified":"2021-11-12T21:14:36","modified_gmt":"2021-11-13T00:14:36","slug":"inscripcion-a-mesas-de-examenes-noviembre-diciembre-2021","status":"publish","type":"post","link":"https:\/\/institutoemignone-bue.infd.edu.ar\/sitio\/inscripcion-a-mesas-de-examenes-noviembre-diciembre-2021\/","title":{"rendered":"INSCRIPCI\u00d3N A MESAS DE EX\u00c1MENES NOVIEMBRE\/DICIEMBRE 2021"},"content":{"rendered":"\n<p><\/p>\n\n\n\n<p>A trav\u00e9s de la presente informamos que <strong>del 12 al 17 de noviembre ser\u00e1 el periodo de inscripci\u00f3n a las mesas de ex\u00e1menes regulares y libres de noviembre\/diciembre 2021 <\/strong>para las asignaturas de las carreras del Profesorado de Educaci\u00f3n F\u00edsica, Tecnicaturas Superiores de Bibliotecolog\u00eda, Gesti\u00f3n Cultural, Dise\u00f1o y Producci\u00f3n de Indumentaria, Relaciones P\u00fablicas y Ceremonial y Servicios Gastron\u00f3micos.<\/p>\n\n\n\n<p><strong>IMPORTANTE<\/strong>:<\/p>\n\n\n\n<ul><li><strong>Cada estudiante ser\u00e1 responsable de inscribirse de acuerdo al r\u00e9gimen de correlatividades<\/strong> de su plan de estudios y al R\u00e9gimen Acad\u00e9mico&nbsp; (Resoluci\u00f3n 4043\/09)&nbsp;<\/li><li><strong>Aquellos estudiantes que deban ex\u00e1menes finales de materias correlativas<\/strong> podr\u00e1n inscribirse en las mismas -v\u00eda link- dentro de las 48 hs que aprueban el examen correspondiente (ej: si tienen a final una materia de 1\u00b0 y su correlativa de 2\u00b0, s\u00f3lo se anotan para la de 1\u00b0 y si rinden bien, inmediatamente se anotan para la de 2\u00b0). <em>VALE ACLARAR QUE ESTO S\u00d3LO ES POSIBLE PARA LAS MATERIAS REGULARES (NO APLICA A LA MODALIDAD DE LIBRES)<\/em><\/li><li><strong>La inscripci\u00f3n a materias Libres s\u00f3lo podr\u00e1 realizarse,<\/strong> <strong>si fue la modalidad de cursada elegida en la inscripci\u00f3n 2021<\/strong> (y si est\u00e1 en condiciones seg\u00fan el r\u00e9gimen de correlatividades).<\/li><\/ul>\n\n\n\n<p><strong>ENLACES A LAS FECHAS Y HORARIOS DE MESAS DE EXAMEN POR CARRERA<\/strong> <\/p>\n\n\n\n<ul><li>&#8211;> <strong><a rel=\"noreferrer noopener\" href=\"https:\/\/drive.google.com\/drive\/folders\/1n18tOr2YqrFi6Sf6IqDRDlSw-JzWzOP0?usp=sharing\" target=\"_blank\">ENLACE <\/a><\/strong><\/li><\/ul>\n\n\n\n<p><strong>ENLACES A PLANILLAS DE INSCRIPCI\u00d3N:<\/strong><\/p>\n\n\n\n<ul><li><a href=\"https:\/\/docs.google.com\/forms\/d\/e\/1FAIpQLSfxbwe8pb9x--2mY6k_x_Jk7chBxA22XJ1K9y3VFTNLdpANLg\/viewform\">Profesorado de Educaci\u00f3n F\u00edsica.<\/a><\/li><li><a href=\"https:\/\/docs.google.com\/forms\/d\/e\/1FAIpQLScRJ19Osi5yAOUtt-7oqBLNHIAPRKUx5XMB7heR8yQpivc0AA\/viewform\">Tecnicatura Superior en Bibliotecolog\u00eda.<\/a><\/li><li><a href=\"https:\/\/docs.google.com\/forms\/d\/e\/1FAIpQLSefF4ZiER4EjGki-DdhVtbQclxmpHm29nl-7PylMgxyaZFKlg\/viewform\">Tecnicatura Superior en Dise\u00f1o de Indumentaria y Textil<\/a><\/li><li><a href=\"https:\/\/docs.google.com\/forms\/d\/e\/1FAIpQLSeS41PKjZJqejKo-VpskVI5II2NrbAsbxmTp_QKoc_lm18eug\/viewform\">Tecnicatura Superior en Gesti\u00f3n Cultural.<\/a><\/li><li><a href=\"https:\/\/docs.google.com\/forms\/d\/e\/1FAIpQLSf8BnV1HZX-Wvmj-bV2lk35xY8DPYbgHfKBTUXzmK959uqudw\/viewform\">Tecnicatura Superior en Relaciones P\u00fablicas, Ceremonial y Protocolo.<\/a><\/li><li><a href=\"https:\/\/docs.google.com\/forms\/d\/e\/1FAIpQLSddp1oMROT5_LDE1hIYP7cTrmzU8gkhewoRURdqWmIyU7mDow\/viewform\">Tecnicatura Superior en Servicios Gastron\u00f3micos.<\/a><\/li><\/ul>\n","protected":false},"excerpt":{"rendered":"<p>A trav\u00e9s de la presente informamos que del 12 al 17 de noviembre ser\u00e1 el periodo de inscripci\u00f3n a las mesas de ex\u00e1menes regulares y libres de noviembre\/diciembre 2021 para las asignaturas de las carreras del Profesorado de Educaci\u00f3n F\u00edsica, Tecnicaturas Superiores de Bibliotecolog\u00eda, Gesti\u00f3n Cultural, Dise\u00f1o y Producci\u00f3n de Indumentaria, Relaciones P\u00fablicas y Ceremonial &#8230; <a title=\"INSCRIPCI\u00d3N A MESAS DE EX\u00c1MENES NOVIEMBRE\/DICIEMBRE 2021\" class=\"read-more\" href=\"https:\/\/institutoemignone-bue.infd.edu.ar\/sitio\/inscripcion-a-mesas-de-examenes-noviembre-diciembre-2021\/\" aria-label=\"More on INSCRIPCI\u00d3N A MESAS DE EX\u00c1MENES NOVIEMBRE\/DICIEMBRE 2021\">[+]<\/a><\/p>\n","protected":false},"author":165,"featured_media":0,"comment_status":"open","ping_status":"open","sticky":false,"template":"","format":"standard","meta":[],"categories":[8,7,6],"tags":[],"acf":[],"_links":{"self":[{"href":"https:\/\/institutoemignone-bue.infd.edu.ar\/sitio\/wp-json\/wp\/v2\/posts\/1334"}],"collection":[{"href":"https:\/\/institutoemignone-bue.infd.edu.ar\/sitio\/wp-json\/wp\/v2\/posts"}],"about":[{"href":"https:\/\/institutoemignone-bue.infd.edu.ar\/sitio\/wp-json\/wp\/v2\/types\/post"}],"author":[{"embeddable":true,"href":"https:\/\/institutoemignone-bue.infd.edu.ar\/sitio\/wp-json\/wp\/v2\/users\/165"}],"replies":[{"embeddable":true,"href":"https:\/\/institutoemignone-bue.infd.edu.ar\/sitio\/wp-json\/wp\/v2\/comments?post=1334"}],"version-history":[{"count":3,"href":"https:\/\/institutoemignone-bue.infd.edu.ar\/sitio\/wp-json\/wp\/v2\/posts\/1334\/revisions"}],"predecessor-version":[{"id":1337,"href":"https:\/\/institutoemignone-bue.infd.edu.ar\/sitio\/wp-json\/wp\/v2\/posts\/1334\/revisions\/1337"}],"wp:attachment":[{"href":"https:\/\/institutoemignone-bue.infd.edu.ar\/sitio\/wp-json\/wp\/v2\/media?parent=1334"}],"wp:term":[{"taxonomy":"category","embeddable":true,"href":"https:\/\/institutoemignone-bue.infd.edu.ar\/sitio\/wp-json\/wp\/v2\/categories?post=1334"},{"taxonomy":"post_tag","embeddable":true,"href":"https:\/\/institutoemignone-bue.infd.edu.ar\/sitio\/wp-json\/wp\/v2\/tags?post=1334"}],"curies":[{"name":"wp","href":"https:\/\/api.w.org\/{rel}","templated":true}]}}