{"id":1278,"date":"2021-08-13T21:58:28","date_gmt":"2021-08-14T00:58:28","guid":{"rendered":"https:\/\/institutoemignone-bue.infd.edu.ar\/sitio\/?p=1278"},"modified":"2021-08-13T21:58:29","modified_gmt":"2021-08-14T00:58:29","slug":"sobre-el-arranque-y-cronograma-segundo-cuatrimestre-2021","status":"publish","type":"post","link":"https:\/\/institutoemignone-bue.infd.edu.ar\/sitio\/sobre-el-arranque-y-cronograma-segundo-cuatrimestre-2021\/","title":{"rendered":"Sobre el arranque y cronograma segundo cuatrimestre 2021"},"content":{"rendered":"\n<p><strong>Estudiantes:<\/strong><\/p>\n\n\n\n<p>Esperamos que hayan pasado bien el receso y les haya ido bien en los ex\u00e1menes a quienes se presentaron. Como anunciamos anteriormente, regresamos a la cursada del 2do Cuatrimestre 2021 a partir del 17 de Agosto. Es por ello que queremos compartir con ustedes algunas cuestiones importantes:&nbsp;<\/p>\n\n\n\n<ul><li>Continuaremos con las<strong> clases virtuales<\/strong> en Educaci\u00f3n Superior, y les compartimos el cronograma correspondiente con cada salida (publicaci\u00f3n quincenal de clases): <a href=\"https:\/\/institutoemignone-bue.infd.edu.ar\/sitio\/cronogramas-de-clases-virtuales-2do-cuatrimestre-2021\/\">https:\/\/institutoemignone-bue.infd.edu.ar\/sitio\/cronogramas-de-clases-virtuales-2do-cuatrimestre-2021\/<\/a><\/li><li><strong>Novedades a tener en cuenta:<\/strong> De acuerdo a la situaci\u00f3n sanitaria, desde la normativa Ministerial e Inspecci\u00f3n de Ense\u00f1anza, nos han habilitado para realizar <strong>algunos encuentros de car\u00e1cter presencial <\/strong>para que los estudiantes puedan vincularse con la instituci\u00f3n y\/o reforzar espacios que requieren un entorno formativo espec\u00edfico y espacios de la pr\u00e1ctica docente o profesionalizante que requieren la presencialidad para la concreci\u00f3n de propuestas espec\u00edficas.<\/li><\/ul>\n\n\n\n<p>Por ello, hemos preparando la adecuaci\u00f3n de esos encuentros al marco del \u201cPlan Jurisdiccional de la Provincia de Buenos Aires para un regreso seguro a las clases presenciales &#8211; Actualizaci\u00f3n para el inicio de clase 2021\u201d con la adaptaci\u00f3n institucional y el armado de las burbujas con el conocimiento de los protocolos correspondientes.<\/p>\n\n\n\n<ul><li><strong>El profesorado de Educaci\u00f3n F\u00edsica inicia los encuentros presenciales <\/strong>con las asignaturas que engloban las pr\u00e1cticas deportivas,<strong> a partir del martes 17 de agosto de 2021<\/strong>. M\u00e1s adelante, se sumar\u00e1n encuentros vinculantes a trav\u00e9s de los espacios que ofrecen las materias l\u00fadicas, recreativas y en la naturaleza. <strong>Se les informar\u00e1 el cronograma de actividades presenciales, junto a algunos detalles sobre los protocolos y declaraciones juradas, que deber\u00e1n tener en cuenta.&nbsp;<\/strong><\/li><li>Las carreras de las <strong>Tecnicaturas<\/strong> se encuentran planificando y evaluando junto con los coordinadores y equipo docente los posibles encuentros de <strong>revinculaci\u00f3n institucional a partir de la semana del 24 de Agosto<\/strong>. Por tal motivo, cuando tengamos las planificaciones correspondientes les informaremos los horarios y las fechas.<\/li><li>Los estudiantes que tengan problemas de conectividad y\/o de cursada podr\u00e1n informarlo a trav\u00e9s de sus coordinadores o preceptores, para que juntos, podamos ver su situaci\u00f3n y establecer contacto con ustedes.&nbsp;<\/li><\/ul>\n\n\n\n<p>\u00a1\u00a1\u00a1\u00a1Fel\u00edz arranque para todos\/as!!!!<\/p>\n\n\n\n<p>Equipo Directivo<\/p>\n\n\n\n<p>Instituto Mignone<\/p>\n","protected":false},"excerpt":{"rendered":"<p>Estudiantes: Esperamos que hayan pasado bien el receso y les haya ido bien en los ex\u00e1menes a quienes se presentaron. Como anunciamos anteriormente, regresamos a la cursada del 2do Cuatrimestre 2021 a partir del 17 de Agosto. Es por ello que queremos compartir con ustedes algunas cuestiones importantes:&nbsp; Continuaremos con las clases virtuales en Educaci\u00f3n &#8230; <a title=\"Sobre el arranque y cronograma segundo cuatrimestre 2021\" class=\"read-more\" href=\"https:\/\/institutoemignone-bue.infd.edu.ar\/sitio\/sobre-el-arranque-y-cronograma-segundo-cuatrimestre-2021\/\" aria-label=\"More on Sobre el arranque y cronograma segundo cuatrimestre 2021\">[+]<\/a><\/p>\n","protected":false},"author":165,"featured_media":0,"comment_status":"open","ping_status":"open","sticky":false,"template":"","format":"standard","meta":[],"categories":[8,7,6],"tags":[18,19],"acf":[],"_links":{"self":[{"href":"https:\/\/institutoemignone-bue.infd.edu.ar\/sitio\/wp-json\/wp\/v2\/posts\/1278"}],"collection":[{"href":"https:\/\/institutoemignone-bue.infd.edu.ar\/sitio\/wp-json\/wp\/v2\/posts"}],"about":[{"href":"https:\/\/institutoemignone-bue.infd.edu.ar\/sitio\/wp-json\/wp\/v2\/types\/post"}],"author":[{"embeddable":true,"href":"https:\/\/institutoemignone-bue.infd.edu.ar\/sitio\/wp-json\/wp\/v2\/users\/165"}],"replies":[{"embeddable":true,"href":"https:\/\/institutoemignone-bue.infd.edu.ar\/sitio\/wp-json\/wp\/v2\/comments?post=1278"}],"version-history":[{"count":1,"href":"https:\/\/institutoemignone-bue.infd.edu.ar\/sitio\/wp-json\/wp\/v2\/posts\/1278\/revisions"}],"predecessor-version":[{"id":1279,"href":"https:\/\/institutoemignone-bue.infd.edu.ar\/sitio\/wp-json\/wp\/v2\/posts\/1278\/revisions\/1279"}],"wp:attachment":[{"href":"https:\/\/institutoemignone-bue.infd.edu.ar\/sitio\/wp-json\/wp\/v2\/media?parent=1278"}],"wp:term":[{"taxonomy":"category","embeddable":true,"href":"https:\/\/institutoemignone-bue.infd.edu.ar\/sitio\/wp-json\/wp\/v2\/categories?post=1278"},{"taxonomy":"post_tag","embeddable":true,"href":"https:\/\/institutoemignone-bue.infd.edu.ar\/sitio\/wp-json\/wp\/v2\/tags?post=1278"}],"curies":[{"name":"wp","href":"https:\/\/api.w.org\/{rel}","templated":true}]}}