{"id":1275,"date":"2021-08-13T12:35:19","date_gmt":"2021-08-13T15:35:19","guid":{"rendered":"https:\/\/institutoemignone-bue.infd.edu.ar\/sitio\/?p=1275"},"modified":"2021-08-13T12:35:20","modified_gmt":"2021-08-13T15:35:20","slug":"cronogramas-de-clases-virtuales-2do-cuatrimestre-2021","status":"publish","type":"post","link":"https:\/\/institutoemignone-bue.infd.edu.ar\/sitio\/cronogramas-de-clases-virtuales-2do-cuatrimestre-2021\/","title":{"rendered":"Cronogramas de clases virtuales 2do. Cuatrimestre 2021"},"content":{"rendered":"\n<p>Comunidad educativa del Instituto Mignone:<\/p>\n\n\n\n<p>les compartimos los enlaces del cronograma de clases virtuales de la segunda parte del a\u00f1o:<\/p>\n\n\n\n<p> <a rel=\"noreferrer noopener\" href=\"https:\/\/drive.google.com\/file\/d\/1p9dB7-3KjbLQcYABnLJ3NFwAD0p8WJ_Q\/view?usp=sharing\" target=\"_blank\">Bibliotecolog\u00eda<\/a><\/p>\n\n\n\n<p><a rel=\"noreferrer noopener\" href=\"https:\/\/drive.google.com\/file\/d\/1YDdVS6O_Q_tgLxfNZE4eXEHTT4Z1yzmU\/view?usp=sharing\" target=\"_blank\">Dise\u00f1o de Indumentaria<\/a><\/p>\n\n\n\n<p><a rel=\"noreferrer noopener\" href=\"https:\/\/drive.google.com\/file\/d\/1aA222zHy79CKd7aMCYk0IZNCOvjeWA7s\/view?usp=sharing\" target=\"_blank\">Educaci\u00f3n F\u00edsica<\/a><\/p>\n\n\n\n<p><a rel=\"noreferrer noopener\" href=\"https:\/\/drive.google.com\/file\/d\/1d1edtsXbyes0J-3SBR1C5vYCrzD45w4M\/view?usp=sharing\" target=\"_blank\">Gesti\u00f3n Cultural<\/a><\/p>\n\n\n\n<p><a rel=\"noreferrer noopener\" href=\"https:\/\/drive.google.com\/file\/d\/1_rfX8-rk7OnkKykV0_LFH_5yM23fBp9a\/view?usp=sharing\" target=\"_blank\">Relaciones P\u00fablicas<\/a><\/p>\n\n\n\n<p><a rel=\"noreferrer noopener\" href=\"https:\/\/drive.google.com\/file\/d\/1NP-a2q5j2EU_YWQhUSCa3YuBzk2IPhV3\/view?usp=sharing\" target=\"_blank\">Servicios Gastron\u00f3micos<\/a><\/p>\n\n\n\n<p><\/p>\n","protected":false},"excerpt":{"rendered":"<p>Comunidad educativa del Instituto Mignone: les compartimos los enlaces del cronograma de clases virtuales de la segunda parte del a\u00f1o: Bibliotecolog\u00eda Dise\u00f1o de Indumentaria Educaci\u00f3n F\u00edsica Gesti\u00f3n Cultural Relaciones P\u00fablicas Servicios Gastron\u00f3micos<\/p>\n","protected":false},"author":165,"featured_media":0,"comment_status":"open","ping_status":"open","sticky":false,"template":"","format":"standard","meta":[],"categories":[8,7,6],"tags":[],"acf":[],"_links":{"self":[{"href":"https:\/\/institutoemignone-bue.infd.edu.ar\/sitio\/wp-json\/wp\/v2\/posts\/1275"}],"collection":[{"href":"https:\/\/institutoemignone-bue.infd.edu.ar\/sitio\/wp-json\/wp\/v2\/posts"}],"about":[{"href":"https:\/\/institutoemignone-bue.infd.edu.ar\/sitio\/wp-json\/wp\/v2\/types\/post"}],"author":[{"embeddable":true,"href":"https:\/\/institutoemignone-bue.infd.edu.ar\/sitio\/wp-json\/wp\/v2\/users\/165"}],"replies":[{"embeddable":true,"href":"https:\/\/institutoemignone-bue.infd.edu.ar\/sitio\/wp-json\/wp\/v2\/comments?post=1275"}],"version-history":[{"count":1,"href":"https:\/\/institutoemignone-bue.infd.edu.ar\/sitio\/wp-json\/wp\/v2\/posts\/1275\/revisions"}],"predecessor-version":[{"id":1276,"href":"https:\/\/institutoemignone-bue.infd.edu.ar\/sitio\/wp-json\/wp\/v2\/posts\/1275\/revisions\/1276"}],"wp:attachment":[{"href":"https:\/\/institutoemignone-bue.infd.edu.ar\/sitio\/wp-json\/wp\/v2\/media?parent=1275"}],"wp:term":[{"taxonomy":"category","embeddable":true,"href":"https:\/\/institutoemignone-bue.infd.edu.ar\/sitio\/wp-json\/wp\/v2\/categories?post=1275"},{"taxonomy":"post_tag","embeddable":true,"href":"https:\/\/institutoemignone-bue.infd.edu.ar\/sitio\/wp-json\/wp\/v2\/tags?post=1275"}],"curies":[{"name":"wp","href":"https:\/\/api.w.org\/{rel}","templated":true}]}}