{"id":1253,"date":"2021-07-17T18:00:10","date_gmt":"2021-07-17T21:00:10","guid":{"rendered":"https:\/\/institutoemignone-bue.infd.edu.ar\/sitio\/?p=1253"},"modified":"2021-07-17T18:00:10","modified_gmt":"2021-07-17T21:00:10","slug":"regreso-progresivo-cuidado-y-seguro-a-la-presencialidad-del-profesorado-de-educacion-fisica","status":"publish","type":"post","link":"https:\/\/institutoemignone-bue.infd.edu.ar\/sitio\/regreso-progresivo-cuidado-y-seguro-a-la-presencialidad-del-profesorado-de-educacion-fisica\/","title":{"rendered":"Regreso progresivo, cuidado y seguro a la presencialidad del profesorado de Educaci\u00f3n F\u00edsica"},"content":{"rendered":"<p><b>PROFESORADO DE EDUCACI\u00d3N F\u00cdSICA<\/b><\/p>\n<p><span style=\"font-weight: 400;\">REGRESO PROGRESIVO, CUIDADO Y SEGURO A LA PRESENCIALIDAD<\/span><\/p>\n<p>&nbsp;<\/p>\n<p><b>Estimados estudiantes,<\/b><span style=\"font-weight: 400;\"> en base a las comunicaciones ministeriales recientemente recibidas y en base a las condiciones sanitarias, les informamos c\u00f3mo se inicia la <\/span><b>vuelta progresiva a la presencialidad, a partir del 17 de agosto para el profesorado de Educaci\u00f3n F\u00edsica\u00a0<\/b><span style=\"font-weight: 400;\">cuando comienza la cursada del 2\u00b0 cuatrimestre:<\/span><\/p>\n<p><b>Inicialmente y por el momento la presencialidad ser\u00e1 combinada <\/b><span style=\"font-weight: 400;\">estando inicialmente habilitados para comenzar los siguientes espacios curriculares en forma presencial sin dejar el campus virtual, (quedamos a la espera de arrancar con m\u00e1s asignaturas progresivamente, seg\u00fan nos vayan comunicando desde la Direcci\u00f3n General de Escuelas):<\/span><\/p>\n<ul>\n<li style=\"list-style-type: none\">\n<ul>\n<li style=\"font-weight: 400;\" aria-level=\"1\"><b>Did\u00e1ctica de las pr\u00e1cticas acu\u00e1ticas 1\u00b0 a\u00f1o y Did\u00e1ctica de las pr\u00e1cticas deportivas: Nataci\u00f3n 2\u00b0 a\u00f1o. <\/b><span style=\"font-weight: 400;\">\u00a0Se llevar\u00e1n a cabo en el Anexo habitual: Pileta de Nataci\u00f3n de la Sociedad Uni\u00f3n Italiana S. M. de Luj\u00e1n.<\/span><\/li>\n<li style=\"font-weight: 400;\" aria-level=\"1\"><b>Did\u00e1ctica de las Pr\u00e1cticas Deportivas y Atl\u00e9ticas: Handball 1 y 2. Basquet. Voley 1 y 2. Softball. F\u00fatbol. Atletismo. Entrenamiento. Hockey.<\/b><\/li>\n<li style=\"font-weight: 400;\" aria-level=\"1\"><b>Did\u00e1ctica de las Pr\u00e1cticas Gimn\u00e1sticas I, II y III y Especiales (4to a\u00f1o).<\/b><\/li>\n<li style=\"font-weight: 400;\" aria-level=\"1\">Pr\u00e1ctica en Terreno: <span style=\"font-weight: 400;\">comenzar\u00e1 4\u00b0 a\u00f1o y paulatinamente se ir\u00e1 incorporando la presencialidad para 3\u00b0 y 2\u00b0 a\u00f1os.<\/span><\/li>\n<\/ul>\n<\/li>\n<\/ul>\n<p>&nbsp;<\/p>\n<p>&nbsp;<\/p>\n<p>&nbsp;<\/p>\n<p><b>ASPECTOS ORGANIZATIVOS<\/b><\/p>\n<p><b>Los grupos estar\u00e1n divididos en 2 burbujas<\/b><span style=\"font-weight: 400;\"> las cuales concurrir\u00e1n semana de por medio (semana 1: burbuja 1, semana 2: burbuja 2 y as\u00ed sucesivamente). <\/span><b>LA CONFORMACI\u00d3N DE LOS GRUPOS SER\u00c1N INFORMADOS V\u00cdA PRECEPTOR\u00cdA.\u00a0<\/b><\/p>\n<p><b>Para el ingreso a clase se deber\u00e1 cumplir con:<\/b><\/p>\n<ul>\n<li style=\"font-weight: 400;\" aria-level=\"1\"><a href=\"https:\/\/drive.google.com\/file\/d\/1lTfoORgXqWtA9vN6Qg8Nm-dAViEipwTF\/view?usp=sharing\"><span style=\"font-weight: 400;\">Declaraci\u00f3n Jurada aceptaci\u00f3n Plan Jurisdiccional COVID-19 <\/span><\/a><span style=\"font-weight: 400;\">\u00a0(deber\u00e1n firmar cada clase el casillero correspondiente &#8211; p\u00e1gina 4)<\/span><\/li>\n<li style=\"font-weight: 400;\" aria-level=\"1\"><a href=\"https:\/\/drive.google.com\/file\/d\/1p5X2PJKFd7A8n6VP4AgGckpqpx3jWz-h\/view?usp=sharing\"><span style=\"font-weight: 400;\">La entrega de la DDJJ de Salud<\/span><\/a><span style=\"font-weight: 400;\"> general con actualizaci\u00f3n de datos (por \u00fanica vez)<\/span><\/li>\n<li style=\"font-weight: 400;\" aria-level=\"1\"><span style=\"font-weight: 400;\">Respetar el horario ingreso y egreso indicado<\/span><\/li>\n<li style=\"font-weight: 400;\" aria-level=\"1\"><span style=\"font-weight: 400;\">Toma de temperatura corporal<\/span><\/li>\n<li style=\"font-weight: 400;\" aria-level=\"1\"><span style=\"font-weight: 400;\">Higiene de manos<\/span><\/li>\n<li style=\"font-weight: 400;\" aria-level=\"1\"><span style=\"font-weight: 400;\">Traer su propia botella de agua, alcohol diluido.<\/span><\/li>\n<\/ul>\n<p>&nbsp;<\/p>\n<p><b>Para los estudiantes que cursen Nataci\u00f3n:<\/b><\/p>\n<ul>\n<li style=\"font-weight: 400;\" aria-level=\"1\"><span style=\"font-weight: 400;\">Adem\u00e1s de lo mencionado en el punto anterior, deber\u00e1n <\/span><b>presentar un apto f\u00edsico<\/b><span style=\"font-weight: 400;\"> (que deber\u00e1n entregar al Preceptor\/a o al Profesor de Nataci\u00f3n).\u00a0\u00a0<\/span><\/li>\n<li style=\"font-weight: 400;\" aria-level=\"1\"><b>Especificaciones para el acceso a las clases: <\/b><span style=\"font-weight: 400;\">retirar el carnet en las instalaciones de la pileta, pagar la cuota -especial para estudiantes del PEF- de $1000 en la secretar\u00eda de la Soc. Italiana, realizar la revisaci\u00f3n m\u00e9dica y llenar la DDJJ que exige el natatorio.<\/span><\/li>\n<\/ul>\n<p>&nbsp;<\/p>\n<p><b>HORARIOS DE CURSADA: <\/b><span style=\"font-weight: 400;\">se respetar\u00e1 el horario institucional de cada materia. Las clases ser\u00e1n de 90 minutos por lo que el margen de media hora se utilizar\u00e1 para organizar los ingresos y egresos escalonados entre los cursos. La semana previa al inicio de cursada presencial se les informar\u00e1 detalladamente el horario.<\/span><\/p>\n<p><b>ASPECTOS REGLAMENTARIOS<\/b><\/p>\n<p><span style=\"font-weight: 400;\">Es importante colaborar con el cuidado de la salud y <\/span><b>respetar los protocolos <\/b><span style=\"font-weight: 400;\">generales y espec\u00edficos para la realizaci\u00f3n de las actividades f\u00edsico-deportivas e institucionales, enmarcados en el Plan Jurisdiccional y en particular para cada espacio (Pr\u00e1ctica en Terreno, Nataci\u00f3n, Deportes y Gimnasias).\u00a0<\/span><\/p>\n<p><b><i>Un estudiante podr\u00e1 ser<\/i><\/b> <b><i>exceptuado de la asistencia a clases presenciales <\/i><\/b><b><i>s\u00f3lo<\/i><\/b><b><i> por alguno de los siguientes motivos:<\/i><\/b><\/p>\n<ul>\n<li style=\"font-weight: 400;\" aria-level=\"1\"><span style=\"font-weight: 400;\">por razones de salud pertenecen a grupos de riesgo,<\/span><\/li>\n<li style=\"font-weight: 400;\" aria-level=\"1\"><span style=\"font-weight: 400;\">porque conviven con personas que pertenecen a grupos de riesgo,<\/span><\/li>\n<li style=\"font-weight: 400;\" aria-level=\"1\"><span style=\"font-weight: 400;\">porque residen en distritos en ASPO y estudian en distritos en DISPO (en este caso, se tratar\u00e1 de una situaci\u00f3n coyuntural, que se revertir\u00e1 cuando ambos distritos se encuentren en DISPO).<\/span><\/li>\n<\/ul>\n<p><b>Para los casos mencionados y dem\u00e1s casos de salud, la inasistencia deber\u00e1 estar debidamente justificada.<\/b><\/p>\n<p><b>Ante cualquier inquietud no duden en consultar <\/b><span style=\"font-weight: 400;\">a sus Preceptores Zulma y Facundo o con su Coordinadora: Florencia Dolinsky.<\/span><\/p>\n<p><b>Esperamos con gran alegr\u00eda el retorno paulatino a la presencialidad.\u00a0<\/b><\/p>\n<p>&nbsp;<\/p>\n<p><span style=\"font-weight: 400;\">\u00a1Feliz Receso!<\/span><\/p>\n<p>&nbsp;<\/p>\n<p><span style=\"font-weight: 400;\">Quedamos a disposici\u00f3n<\/span><\/p>\n<p>&nbsp;<\/p>\n<p><span style=\"font-weight: 400;\">Equipo de Conducci\u00f3n\u00a0<\/span><\/p>\n<p><span style=\"font-weight: 400;\">Instituto Mignone<\/span><\/p>\n","protected":false},"excerpt":{"rendered":"<p>PROFESORADO DE EDUCACI\u00d3N F\u00cdSICA REGRESO PROGRESIVO, CUIDADO Y SEGURO A LA PRESENCIALIDAD &nbsp; Estimados estudiantes, en base a las comunicaciones ministeriales recientemente recibidas y en base a las condiciones sanitarias, les informamos c\u00f3mo se inicia la vuelta progresiva a la presencialidad, a partir del 17 de agosto para el profesorado de Educaci\u00f3n F\u00edsica\u00a0cuando comienza la &#8230; <a title=\"Regreso progresivo, cuidado y seguro a la presencialidad del profesorado de Educaci\u00f3n F\u00edsica\" class=\"read-more\" href=\"https:\/\/institutoemignone-bue.infd.edu.ar\/sitio\/regreso-progresivo-cuidado-y-seguro-a-la-presencialidad-del-profesorado-de-educacion-fisica\/\" aria-label=\"More on Regreso progresivo, cuidado y seguro a la presencialidad del profesorado de Educaci\u00f3n F\u00edsica\">[+]<\/a><\/p>\n","protected":false},"author":165,"featured_media":0,"comment_status":"open","ping_status":"open","sticky":false,"template":"","format":"standard","meta":[],"categories":[8,7,6],"tags":[],"acf":[],"_links":{"self":[{"href":"https:\/\/institutoemignone-bue.infd.edu.ar\/sitio\/wp-json\/wp\/v2\/posts\/1253"}],"collection":[{"href":"https:\/\/institutoemignone-bue.infd.edu.ar\/sitio\/wp-json\/wp\/v2\/posts"}],"about":[{"href":"https:\/\/institutoemignone-bue.infd.edu.ar\/sitio\/wp-json\/wp\/v2\/types\/post"}],"author":[{"embeddable":true,"href":"https:\/\/institutoemignone-bue.infd.edu.ar\/sitio\/wp-json\/wp\/v2\/users\/165"}],"replies":[{"embeddable":true,"href":"https:\/\/institutoemignone-bue.infd.edu.ar\/sitio\/wp-json\/wp\/v2\/comments?post=1253"}],"version-history":[{"count":1,"href":"https:\/\/institutoemignone-bue.infd.edu.ar\/sitio\/wp-json\/wp\/v2\/posts\/1253\/revisions"}],"predecessor-version":[{"id":1254,"href":"https:\/\/institutoemignone-bue.infd.edu.ar\/sitio\/wp-json\/wp\/v2\/posts\/1253\/revisions\/1254"}],"wp:attachment":[{"href":"https:\/\/institutoemignone-bue.infd.edu.ar\/sitio\/wp-json\/wp\/v2\/media?parent=1253"}],"wp:term":[{"taxonomy":"category","embeddable":true,"href":"https:\/\/institutoemignone-bue.infd.edu.ar\/sitio\/wp-json\/wp\/v2\/categories?post=1253"},{"taxonomy":"post_tag","embeddable":true,"href":"https:\/\/institutoemignone-bue.infd.edu.ar\/sitio\/wp-json\/wp\/v2\/tags?post=1253"}],"curies":[{"name":"wp","href":"https:\/\/api.w.org\/{rel}","templated":true}]}}