{"id":1231,"date":"2021-06-03T11:17:09","date_gmt":"2021-06-03T14:17:09","guid":{"rendered":"https:\/\/institutoemignone-bue.infd.edu.ar\/sitio\/?p=1231"},"modified":"2021-06-03T11:17:09","modified_gmt":"2021-06-03T14:17:09","slug":"ni-una-menos-jornada-de-lucha-y-reflexion","status":"publish","type":"post","link":"https:\/\/institutoemignone-bue.infd.edu.ar\/sitio\/ni-una-menos-jornada-de-lucha-y-reflexion\/","title":{"rendered":"\u00a0\u00abNi Una Menos\u00bb Jornada de lucha y reflexi\u00f3n"},"content":{"rendered":"<h2 style=\"text-align: center;\"><strong><b>\u00a0<\/b><\/strong><strong><b>\u00abNi Una Menos\u00bb <\/b><\/strong><\/h2>\n<h2 style=\"text-align: center;\"><strong><b>Jornada de lucha y reflexi\u00f3n\u00a0#NIUNAMENOS\u00a0#3J<\/b><\/strong><\/h2>\n<p><strong><b>\u00a0<img decoding=\"async\" loading=\"lazy\" class=\"alignnone size-full wp-image-1232 aligncenter\" src=\"https:\/\/institutoemignone-bue.infd.edu.ar\/sitio\/wp-content\/uploads\/2021\/06\/Captura1.jpg\" alt=\"\" width=\"376\" height=\"260\" \/><\/b><\/strong><\/p>\n<p>Desde el 2021,\u00a0en el calendario escolar,\u00a0la fecha del 3 de junio est\u00e1 instituida como una jornada de lucha y protesta desde que un colectivo de mujeres se moviliz\u00f3 bajo el lema \u201cNi Una Menos\u201d en repudio a todas las formas de violencia de los sistemas patriarcales y, particularmente por su consecuencia m\u00e1s tr\u00e1gica y visible: los femicidios.<\/p>\n<p>Desde el <strong><b>Instituto Mignone<\/b><\/strong>\u00a0asumimos el compromiso de continuar acompa\u00f1ando para desnaturalizar y visibilizar las violencias sufridas por las ni\u00f1as y mujeres por su condici\u00f3n de g\u00e9nero, con la convicci\u00f3n de que no hay justicia educativa donde hay violencia por razones de g\u00e9nero.<\/p>\n<p>Por tal motivo, compartimos un texto de reflexi\u00f3n realizado la profesora Luciana Samb\u00e1n en el espacio ESI del Instituto.<\/p>\n<p><img decoding=\"async\" loading=\"lazy\" class=\"alignnone size-full wp-image-1233 aligncenter\" src=\"https:\/\/institutoemignone-bue.infd.edu.ar\/sitio\/wp-content\/uploads\/2021\/06\/Captura2.jpg\" alt=\"\" width=\"445\" height=\"250\" \/><\/p>\n<p style=\"text-align: center;\"><strong><em><u><b><i>JORNADA DE LUCHA<\/i><\/b><\/u><\/em><\/strong><\/p>\n<p style=\"text-align: center;\"><strong><em><u><b><i>#NIUNAMENOS<\/i><\/b><\/u><\/em><\/strong><\/p>\n<p><em><i>En 2015 el cuerpo de la joven Chiara, de 14 a\u00f1os y embarazada, fue encontrado enterrado en la casa de su novio y femicida. <\/i><\/em><strong><em><b><i>Fue una m\u00e1s.<\/i><\/b><\/em><\/strong><\/p>\n<p>El 3 de Junio de ese a\u00f1o un grupo enorme de (principalmente) mujeres nos hartamos; nos horrorizamos con las muertas que se acumulaban en las morgues a manos de hombres violentos. En 2014 el dato era un femicidio cada 40 horas. En 2019 fue de 24 horas.<\/p>\n<p>Hoy: <em><i>\u201c<\/i><\/em><strong><em><b><i>Un informe de la organizaci\u00f3n MuMal\u00e1-Mujeres de la Matria Latinoamericana difundido el domingo \u00faltimo registr\u00f3 un total de 94 femicidios en lo que va del a\u00f1o en la Argentina,<\/i><\/b><\/em><\/strong><em><i>\u00a0entre ellos 15 vinculados y 4 trans-travesticidios, lo que significa una cada 38 horas. Adem\u00e1s,\u00a0<\/i><\/em><strong><em><b><i>en 2021 se cometieron 143 muertes violentas contra mujeres, travestis y trans<\/i><\/b><\/em><\/strong><em><i>, lo que registr\u00f3 una cada 25 horas, seg\u00fan el informe<\/i><\/em>.\u201d<\/p>\n<p>Ese d\u00eda nos uni\u00f3 el grito doloroso y la impotencia y salimos a las calles. En CABA columnas de <strong><b>120 mil mujeres<\/b><\/strong>\u00a0con tonos violetas lloraban hermanas, hijas, compa\u00f1eras y ped\u00edamos NI UNA MENOS.<\/p>\n<p>Este grito se contagi\u00f3 en muchas ciudades, plazas, escuelas, parques, esquinas. Y en la pieza de muchas chicas y j\u00f3venes que sufr\u00edan violencia. Llego a las tierras hermanas de Latinoam\u00e9rica. Y de all\u00ed nunca m\u00e1s se call\u00f3<\/p>\n<p>.<\/p>\n<p>Desde ese d\u00eda, nos recordamos que no estamos todas, que muchas mujeres, ni\u00f1as, mujeres trans, disidencias son asesinadas por un sistema patriarcal que nos indica que somos menos, que somos prescindibles. Pero tampoco estamos solas; nos tenemos.<\/p>\n<p>Hoy nos acordamos y nos enojamos de nuevo con cada mujer muerta, con cada v\u00edctima de violencia de g\u00e9nero y con cada injusticia que el patriarcado hace en nosotras y en todes.<\/p>\n<p>Hoy exigimos tambi\u00e9n <strong><b>la aparici\u00f3n con vida de Tehuel<\/b><\/strong>, desaparecido hace m\u00e1s de dos meses y un pa\u00eds entero callado; visibilizando la discriminaci\u00f3n, el silenciamiento y menosprecio que existe hacia las personas trans.<\/p>\n<p>&nbsp;<\/p>\n<p><strong><b>BASTA DE VIOLENCIA MACHISTA<\/b><\/strong><\/p>\n<p><strong><b>BASTA DE DESIGUALDADES PATRIARCALES<\/b><\/strong><\/p>\n<p><strong><b>BASTA DE TRANSFEMICIDIO Y TRAVESTICIDIOS<\/b><\/strong><\/p>\n<p><strong><b>APARICI\u00d3N CON VIDA DE TEHUEL YA!<\/b><\/strong><\/p>\n","protected":false},"excerpt":{"rendered":"<p>\u00a0\u00abNi Una Menos\u00bb Jornada de lucha y reflexi\u00f3n\u00a0#NIUNAMENOS\u00a0#3J \u00a0 Desde el 2021,\u00a0en el calendario escolar,\u00a0la fecha del 3 de junio est\u00e1 instituida como una jornada de lucha y protesta desde que un colectivo de mujeres se moviliz\u00f3 bajo el lema \u201cNi Una Menos\u201d en repudio a todas las formas de violencia de los sistemas patriarcales &#8230; <a title=\"\u00a0\u00abNi Una Menos\u00bb Jornada de lucha y reflexi\u00f3n\" class=\"read-more\" href=\"https:\/\/institutoemignone-bue.infd.edu.ar\/sitio\/ni-una-menos-jornada-de-lucha-y-reflexion\/\" aria-label=\"More on \u00a0\u00abNi Una Menos\u00bb Jornada de lucha y reflexi\u00f3n\">[+]<\/a><\/p>\n","protected":false},"author":165,"featured_media":0,"comment_status":"open","ping_status":"open","sticky":false,"template":"","format":"standard","meta":[],"categories":[7,6],"tags":[],"acf":[],"_links":{"self":[{"href":"https:\/\/institutoemignone-bue.infd.edu.ar\/sitio\/wp-json\/wp\/v2\/posts\/1231"}],"collection":[{"href":"https:\/\/institutoemignone-bue.infd.edu.ar\/sitio\/wp-json\/wp\/v2\/posts"}],"about":[{"href":"https:\/\/institutoemignone-bue.infd.edu.ar\/sitio\/wp-json\/wp\/v2\/types\/post"}],"author":[{"embeddable":true,"href":"https:\/\/institutoemignone-bue.infd.edu.ar\/sitio\/wp-json\/wp\/v2\/users\/165"}],"replies":[{"embeddable":true,"href":"https:\/\/institutoemignone-bue.infd.edu.ar\/sitio\/wp-json\/wp\/v2\/comments?post=1231"}],"version-history":[{"count":1,"href":"https:\/\/institutoemignone-bue.infd.edu.ar\/sitio\/wp-json\/wp\/v2\/posts\/1231\/revisions"}],"predecessor-version":[{"id":1234,"href":"https:\/\/institutoemignone-bue.infd.edu.ar\/sitio\/wp-json\/wp\/v2\/posts\/1231\/revisions\/1234"}],"wp:attachment":[{"href":"https:\/\/institutoemignone-bue.infd.edu.ar\/sitio\/wp-json\/wp\/v2\/media?parent=1231"}],"wp:term":[{"taxonomy":"category","embeddable":true,"href":"https:\/\/institutoemignone-bue.infd.edu.ar\/sitio\/wp-json\/wp\/v2\/categories?post=1231"},{"taxonomy":"post_tag","embeddable":true,"href":"https:\/\/institutoemignone-bue.infd.edu.ar\/sitio\/wp-json\/wp\/v2\/tags?post=1231"}],"curies":[{"name":"wp","href":"https:\/\/api.w.org\/{rel}","templated":true}]}}