{"id":1160,"date":"2020-12-23T17:39:25","date_gmt":"2020-12-23T20:39:25","guid":{"rendered":"https:\/\/institutoemignone-bue.infd.edu.ar\/sitio\/?p=1160"},"modified":"2020-12-23T17:43:21","modified_gmt":"2020-12-23T20:43:21","slug":"enlace-a-la-charla-virtual-emilio-mignone-derechos-humanos-y-educacion","status":"publish","type":"post","link":"https:\/\/institutoemignone-bue.infd.edu.ar\/sitio\/enlace-a-la-charla-virtual-emilio-mignone-derechos-humanos-y-educacion\/","title":{"rendered":"Enlace a la Charla virtual \u00abEmilio Mignone: Derechos Humanos y Educaci\u00f3n\u00bb"},"content":{"rendered":"<p><img decoding=\"async\" loading=\"lazy\" class=\"wp-image-1161 aligncenter\" src=\"https:\/\/institutoemignone-bue.infd.edu.ar\/sitio\/wp-content\/uploads\/2020\/12\/adsfasdfffffff-1000x559.jpg\" alt=\"\" width=\"512\" height=\"286\" srcset=\"https:\/\/institutoemignone-bue.infd.edu.ar\/sitio\/wp-content\/uploads\/2020\/12\/adsfasdfffffff-1000x559.jpg 1000w, https:\/\/institutoemignone-bue.infd.edu.ar\/sitio\/wp-content\/uploads\/2020\/12\/adsfasdfffffff-768x430.jpg 768w, https:\/\/institutoemignone-bue.infd.edu.ar\/sitio\/wp-content\/uploads\/2020\/12\/adsfasdfffffff.jpg 1355w\" sizes=\"(max-width: 512px) 100vw, 512px\" \/><\/p>\n<p>El 10 de diciembre de 2020, en el marco del d\u00eda de los Derechos Humanos, desde el Instituto Municipal Superior de Educaci\u00f3n y Tecnolog\u00eda \u00abDr Emilio Mignone\u00bb llevamos a cabo la charla virtual \u00abEmilio Mignone: Derechos Humanos y Educaci\u00f3n\u00bb que hemos organizado para dar a conocer la figura de quien\u00a0 se ha considerado uno de los principales defensores de los derechos humanos en la Argentina y quien lleva el Instituto su nombre.<\/p>\n<p>Los expositores fueron el profesor del Instituto, Quino Luna, y por la profesora, licenciada y\u00a0 especialista en Historia, Anal\u00eda G\u00f3mez de la Universidad Nacional de Luj\u00e1n.<\/p>\n<p>En esta oportunidad les dejamos el enlace para poder visualizar la charla cuando les interese:\u00a0<strong><a href=\"https:\/\/drive.google.com\/file\/d\/1TlBYX03KOt3xv61m-g4tugrOcKK482Rf\/view\">ENLACE<\/a><\/strong><\/p>\n<p>&nbsp;<\/p>\n","protected":false},"excerpt":{"rendered":"<p>El 10 de diciembre de 2020, en el marco del d\u00eda de los Derechos Humanos, desde el Instituto Municipal Superior de Educaci\u00f3n y Tecnolog\u00eda \u00abDr Emilio Mignone\u00bb llevamos a cabo la charla virtual \u00abEmilio Mignone: Derechos Humanos y Educaci\u00f3n\u00bb que hemos organizado para dar a conocer la figura de quien\u00a0 se ha considerado uno de &#8230; <a title=\"Enlace a la Charla virtual \u00abEmilio Mignone: Derechos Humanos y Educaci\u00f3n\u00bb\" class=\"read-more\" href=\"https:\/\/institutoemignone-bue.infd.edu.ar\/sitio\/enlace-a-la-charla-virtual-emilio-mignone-derechos-humanos-y-educacion\/\" aria-label=\"More on Enlace a la Charla virtual \u00abEmilio Mignone: Derechos Humanos y Educaci\u00f3n\u00bb\">[+]<\/a><\/p>\n","protected":false},"author":165,"featured_media":0,"comment_status":"open","ping_status":"open","sticky":false,"template":"","format":"standard","meta":[],"categories":[7,6],"tags":[],"acf":[],"_links":{"self":[{"href":"https:\/\/institutoemignone-bue.infd.edu.ar\/sitio\/wp-json\/wp\/v2\/posts\/1160"}],"collection":[{"href":"https:\/\/institutoemignone-bue.infd.edu.ar\/sitio\/wp-json\/wp\/v2\/posts"}],"about":[{"href":"https:\/\/institutoemignone-bue.infd.edu.ar\/sitio\/wp-json\/wp\/v2\/types\/post"}],"author":[{"embeddable":true,"href":"https:\/\/institutoemignone-bue.infd.edu.ar\/sitio\/wp-json\/wp\/v2\/users\/165"}],"replies":[{"embeddable":true,"href":"https:\/\/institutoemignone-bue.infd.edu.ar\/sitio\/wp-json\/wp\/v2\/comments?post=1160"}],"version-history":[{"count":1,"href":"https:\/\/institutoemignone-bue.infd.edu.ar\/sitio\/wp-json\/wp\/v2\/posts\/1160\/revisions"}],"predecessor-version":[{"id":1162,"href":"https:\/\/institutoemignone-bue.infd.edu.ar\/sitio\/wp-json\/wp\/v2\/posts\/1160\/revisions\/1162"}],"wp:attachment":[{"href":"https:\/\/institutoemignone-bue.infd.edu.ar\/sitio\/wp-json\/wp\/v2\/media?parent=1160"}],"wp:term":[{"taxonomy":"category","embeddable":true,"href":"https:\/\/institutoemignone-bue.infd.edu.ar\/sitio\/wp-json\/wp\/v2\/categories?post=1160"},{"taxonomy":"post_tag","embeddable":true,"href":"https:\/\/institutoemignone-bue.infd.edu.ar\/sitio\/wp-json\/wp\/v2\/tags?post=1160"}],"curies":[{"name":"wp","href":"https:\/\/api.w.org\/{rel}","templated":true}]}}